{"id":18048,"date":"2015-09-17T12:17:57","date_gmt":"2015-09-17T17:17:57","guid":{"rendered":"https:\/\/radiowebmx.com\/nota\/?p=18048"},"modified":"2015-09-17T12:17:57","modified_gmt":"2015-09-17T17:17:57","slug":"refuerza-ayuntamiento-trabajos-de-limpieza-en-primer-cuadro-de-la-ciudad-durante-fiestas-patrias","status":"publish","type":"post","link":"https:\/\/radiowebmx.com\/nota\/refuerza-ayuntamiento-trabajos-de-limpieza-en-primer-cuadro-de-la-ciudad-durante-fiestas-patrias\/","title":{"rendered":"Refuerza Ayuntamiento trabajos de limpieza en Primer Cuadro de la ciudad durante fiestas patrias"},"content":{"rendered":"<p>En el marco de las festividades patrias, la Secretar\u00eda de Servicios P\u00fablicos Municipales a trav\u00e9s de la Direcci\u00f3n de Aseo P\u00fablico, lleva a acabo los operativos de limpieza en distintas \u00e1reas del Centro Hist\u00f3rico y zonas colindantes.<\/p>\n<p>De acuerdo con la instrucci\u00f3n del Presidente Municipal, Alfonso Mart\u00ednez Alc\u00e1zar, de brindar a los morelianos y turistas un trato amable y c\u00e1lido, el trabajo no se detuvo para las \u00e1reas operativas de la Administraci\u00f3n, mismas que estuvieron atentas antes, durante y despu\u00e9s de la realizaci\u00f3n de las diferentes actividades c\u00edvicas y culturales, afirm\u00f3 Jos\u00e9 Luis Gil V\u00e1zquez, titular de la Secretar\u00eda de Servicios P\u00fablicos.<\/p>\n<p>Cabe destacar que son m\u00e1s de 150 trabajadores del Ayuntamiento de Morelia, quienes realizaron estas acciones de limpieza durante las fiestas patrias del martes 15 y este mi\u00e9rcoles 16 de septiembre, en el Primer Cuadro de la ciudad.<\/p>\n<p>La Direcci\u00f3n de Aseo P\u00fablico continua realizando faenas de limpieza en las calles principales y las distintas plazas del Centro Hist\u00f3rico. Posterior a la verbena popular y el tradicional Grito de Independencia, se limpi\u00f3 en puntos espec\u00edficos como las Plazas Valladolid, de Armas y Melchor Ocampo, Biblioteca P\u00fablica y la Explanada Natalio V\u00e1zquez Pallares.<\/p>\n<p>Se\u00f1al\u00f3 que se requiri\u00f3 del apoyo de 150 personas, 4 radiopatrullas y 10 camiones, a fin de realizar barrido manual, mec\u00e1nico y a detalle.<\/p>\n<p>El director de Aseo P\u00fablico, Paulino Vel\u00e1zquez Mart\u00ednez, inform\u00f3 que en las primeras horas del 16 de septiembre, se realiz\u00f3 limpieza en la Explanada Miguel Hidalgo y la Avenida Madero, como preparativos previos al \u00a0Desfile C\u00edvico-Militar, lo cual \u00a0arroj\u00f3 un resultado de\u00a0 3 toneladas de residuos ligeros, bolsas de pl\u00e1stico, botellas de pl\u00e1stico, entre otros desechos.<\/p>\n<p>En el turno nocturno se trabaj\u00f3 hasta las 3:00 horas del 16 de septiembre, almacenando un total de 120 toneladas de basura\u00a0que se origin\u00f3 luego de las actividades septembrinas.<\/p>\n<p>Es importante mencionar que se utilizaron para mantener limpio \u00a0el Primer Cuadro de la ciudad en estas fiestas patrias \u00a0y sus alrededores, \u00a010 camiones, 4 barredoras, 1 hidropipa, 4 patrullas ecol\u00f3gicas, 4 camionetas de doble rodado para traslado, con un total de\u00a0300 personas<\/p>\n","protected":false},"excerpt":{"rendered":"<p>En el marco de las festividades patrias, la Secretar\u00eda de Servicios P\u00fablicos Municipales a trav\u00e9s de la Direcci\u00f3n de Aseo P\u00fablico, lleva a acabo los operativos de limpieza en distintas \u00e1reas del Centro Hist\u00f3rico y zonas colindantes.<\/p>\n","protected":false},"author":1,"featured_media":18050,"comment_status":"open","ping_status":"open","sticky":false,"template":"","format":"standard","meta":{"footnotes":""},"categories":[14,9],"tags":[],"class_list":["post-18048","post","type-post","status-publish","format-standard","has-post-thumbnail","hentry","category-destacadas","category-morelia"],"_links":{"self":[{"href":"https:\/\/radiowebmx.com\/nota\/wp-json\/wp\/v2\/posts\/18048","targetHints":{"allow":["GET"]}}],"collection":[{"href":"https:\/\/radiowebmx.com\/nota\/wp-json\/wp\/v2\/posts"}],"about":[{"href":"https:\/\/radiowebmx.com\/nota\/wp-json\/wp\/v2\/types\/post"}],"author":[{"embeddable":true,"href":"https:\/\/radiowebmx.com\/nota\/wp-json\/wp\/v2\/users\/1"}],"replies":[{"embeddable":true,"href":"https:\/\/radiowebmx.com\/nota\/wp-json\/wp\/v2\/comments?post=18048"}],"version-history":[{"count":1,"href":"https:\/\/radiowebmx.com\/nota\/wp-json\/wp\/v2\/posts\/18048\/revisions"}],"predecessor-version":[{"id":18051,"href":"https:\/\/radiowebmx.com\/nota\/wp-json\/wp\/v2\/posts\/18048\/revisions\/18051"}],"wp:featuredmedia":[{"embeddable":true,"href":"https:\/\/radiowebmx.com\/nota\/wp-json\/wp\/v2\/media\/18050"}],"wp:attachment":[{"href":"https:\/\/radiowebmx.com\/nota\/wp-json\/wp\/v2\/media?parent=18048"}],"wp:term":[{"taxonomy":"category","embeddable":true,"href":"https:\/\/radiowebmx.com\/nota\/wp-json\/wp\/v2\/categories?post=18048"},{"taxonomy":"post_tag","embeddable":true,"href":"https:\/\/radiowebmx.com\/nota\/wp-json\/wp\/v2\/tags?post=18048"}],"curies":[{"name":"wp","href":"https:\/\/api.w.org\/{rel}","templated":true}]}}