{"id":18040,"date":"2015-09-17T12:11:46","date_gmt":"2015-09-17T17:11:46","guid":{"rendered":"https:\/\/radiowebmx.com\/nota\/?p=18040"},"modified":"2015-09-17T12:11:46","modified_gmt":"2015-09-17T17:11:46","slug":"encabeza-alfonso-martinez-desfile-por-205-aniversario-de-la-independencia","status":"publish","type":"post","link":"https:\/\/radiowebmx.com\/nota\/encabeza-alfonso-martinez-desfile-por-205-aniversario-de-la-independencia\/","title":{"rendered":"Encabeza Alfonso Mart\u00ednez desfile por 205 Aniversario de la Independencia"},"content":{"rendered":"<p>El Presidente Municipal de Morelia Alfonso Mart\u00ednez Alc\u00e1zar, encabez\u00f3 durante este mi\u00e9rcoles, el desfile c\u00edvico-militar conmemorativo al 205 Aniversario de la Independencia\u00a0 de M\u00e9xico, el cual fue disfrutado por miles de morelianos que se dieron cita en la Avenida Madero para presenciar el paso de los contingentes.<\/p>\n<p>Al ritmo de las bandas de guerra, Mart\u00ednez Alc\u00e1zar encabez\u00f3 el desfile que comenz\u00f3 en las Tarascas y finaliz\u00f3 cerca del monumento a L\u00e1zaro C\u00e1rdenas, durante este trayecto el jefe de la comuna respondi\u00f3 a los saludos de la gente que se encontraba en las banquetas de la avenida Madero o ve\u00eda los contingentes desde alg\u00fan edificio.<\/p>\n<p>Como una muestra de apoyo, la ciudadan\u00eda se acerc\u00f3 al primer Alcalde Independiente que se encontraba acompa\u00f1ado por el Ayuntamiento y su Gabinete, para saludarlo y \u00a0entregarle algunos arreglos florales, esto como una muestra de apoyo a su proyecto de Gobierno, as\u00ed como de coordinaci\u00f3n con las acciones que emprenda el municipio.<\/p>\n<p>Cabe resaltar que la gente comenz\u00f3 a llegar desde temprana hora a la Antigua Calle Real, para instalarse en el mejor lugar y disfrutar de esta actividad que congrega a familias enteras de la capital michoacana.<\/p>\n<p>La parte oficial fue saldo blanco y el desfile transcurri\u00f3 en hora y media;\u00a0 participaron mil 926 estudiantes de parte del sector educativo; 150 jinetes e igual n\u00famero de caballos; 76 elementos de la Polic\u00eda Federal; 300 elementos de Seguridad; as\u00ed como 200 militares.<\/p>\n<p>Finalmente, el Alcalde moreliano celebr\u00f3 la concurrencia de las familias morelianas que se dieron cita desde el d\u00eda de ayer al primer c\u00edrculo del Centro Hist\u00f3rico de la ciudad, a los festejos patrios con motivo del Aniversario de la Independencia en nuestro pa\u00eds.<\/p>\n","protected":false},"excerpt":{"rendered":"<p>El Presidente Municipal de Morelia AMA, encabez\u00f3 durante este mi\u00e9rcoles, el desfile c\u00edvico-militar conmemorativo al 205 Aniversario de la Independencia  de M\u00e9xico, el cual fue disfrutado por miles de morelianos que se dieron cita en la Avenida Madero para presenciar el paso de los contingentes.<\/p>\n","protected":false},"author":1,"featured_media":18041,"comment_status":"open","ping_status":"open","sticky":false,"template":"","format":"standard","meta":{"footnotes":""},"categories":[14,9],"tags":[],"class_list":["post-18040","post","type-post","status-publish","format-standard","has-post-thumbnail","hentry","category-destacadas","category-morelia"],"_links":{"self":[{"href":"https:\/\/radiowebmx.com\/nota\/wp-json\/wp\/v2\/posts\/18040","targetHints":{"allow":["GET"]}}],"collection":[{"href":"https:\/\/radiowebmx.com\/nota\/wp-json\/wp\/v2\/posts"}],"about":[{"href":"https:\/\/radiowebmx.com\/nota\/wp-json\/wp\/v2\/types\/post"}],"author":[{"embeddable":true,"href":"https:\/\/radiowebmx.com\/nota\/wp-json\/wp\/v2\/users\/1"}],"replies":[{"embeddable":true,"href":"https:\/\/radiowebmx.com\/nota\/wp-json\/wp\/v2\/comments?post=18040"}],"version-history":[{"count":1,"href":"https:\/\/radiowebmx.com\/nota\/wp-json\/wp\/v2\/posts\/18040\/revisions"}],"predecessor-version":[{"id":18042,"href":"https:\/\/radiowebmx.com\/nota\/wp-json\/wp\/v2\/posts\/18040\/revisions\/18042"}],"wp:featuredmedia":[{"embeddable":true,"href":"https:\/\/radiowebmx.com\/nota\/wp-json\/wp\/v2\/media\/18041"}],"wp:attachment":[{"href":"https:\/\/radiowebmx.com\/nota\/wp-json\/wp\/v2\/media?parent=18040"}],"wp:term":[{"taxonomy":"category","embeddable":true,"href":"https:\/\/radiowebmx.com\/nota\/wp-json\/wp\/v2\/categories?post=18040"},{"taxonomy":"post_tag","embeddable":true,"href":"https:\/\/radiowebmx.com\/nota\/wp-json\/wp\/v2\/tags?post=18040"}],"curies":[{"name":"wp","href":"https:\/\/api.w.org\/{rel}","templated":true}]}}