{"id":18036,"date":"2015-09-17T12:04:12","date_gmt":"2015-09-17T17:04:12","guid":{"rendered":"https:\/\/radiowebmx.com\/nota\/?p=18036"},"modified":"2015-09-17T12:04:12","modified_gmt":"2015-09-17T17:04:12","slug":"las-fiestas-patrias-ratifican-la-confianza-de-las-y-los-michoacanos-en-recuperar-los-espacios-publicos","status":"publish","type":"post","link":"https:\/\/radiowebmx.com\/nota\/las-fiestas-patrias-ratifican-la-confianza-de-las-y-los-michoacanos-en-recuperar-los-espacios-publicos\/","title":{"rendered":"LAS FIESTAS PATRIAS RATIFICAN LA CONFIANZA DE LAS Y LOS MICHOACANOS EN RECUPERAR LOS ESPACIOS P\u00daBLICOS"},"content":{"rendered":"<p>Como parte de los festejos por el CCV aniversario del inicio de la lucha por la Independencia de M\u00e9xico, el gobernador Salvador Jara Guerrero presidi\u00f3 el tradicional desfile c\u00edvico-militar en la capital michoacana, acompa\u00f1ado de su familia y funcionarios de los tres Poderes y niveles de gobierno.<\/p>\n<p>Al concluir esta festividad, de acuerdo al parte militar presentado por la XXI Zona Militar, de la sociedad civil participaron en el desfile mil 986 alumnos de nivel b\u00e1sico, medio superior y superior; adem\u00e1s de 200 trabajadores del gobierno municipal.<\/p>\n<p>De personal militar, desfilaron 373 elementos de tropas, 15 oficiales, 3 jefes, 28 veh\u00edculos y 3 canes; por parte del agrupamiento militarizado marcharon 300 elementos y 2 veh\u00edculos. Tambi\u00e9n participaron 66 elementos de la Polic\u00eda Federal en 33 veh\u00edculos; 115 elementos del agrupamiento de Emergencias, 2 moto-bombas y 15 veh\u00edculos; as\u00ed como 341 integrantes del Servicio de Salud en el Estado, 15 veh\u00edculos, 14 motocicletas, 1 embarcaci\u00f3n y 19 caballos.<\/p>\n<p>Para concluir, del agrupamiento montado participaron 2 guiones, 80 semovientes del 14\u00b0 Cuerpo de Defensas Rurales y 150 caballos con sus jinetes.<\/p>\n<p>Tanto la celebraci\u00f3n del grito de Independencia como el desfile c\u00edvico-militar, que tuvieron una importante asistencia de familias, confirman que en Michoac\u00e1n hay confianza en recuperar los espacios p\u00fablicos para la convivencia social.<\/p>\n","protected":false},"excerpt":{"rendered":"<p>Como parte de los festejos por el CCV aniversario del inicio de la lucha por la Independencia de M\u00e9xico, el gobernador Salvador Jara Guerrero presidi\u00f3 el tradicional desfile c\u00edvico-militar en la capital michoacana, acompa\u00f1ado de su familia y funcionarios de los tres Poderes y niveles de gobierno.<\/p>\n","protected":false},"author":1,"featured_media":18037,"comment_status":"open","ping_status":"open","sticky":false,"template":"","format":"standard","meta":{"footnotes":""},"categories":[14,3],"tags":[],"class_list":["post-18036","post","type-post","status-publish","format-standard","has-post-thumbnail","hentry","category-destacadas","category-gobierno-del-estado-de-michoacan"],"_links":{"self":[{"href":"https:\/\/radiowebmx.com\/nota\/wp-json\/wp\/v2\/posts\/18036","targetHints":{"allow":["GET"]}}],"collection":[{"href":"https:\/\/radiowebmx.com\/nota\/wp-json\/wp\/v2\/posts"}],"about":[{"href":"https:\/\/radiowebmx.com\/nota\/wp-json\/wp\/v2\/types\/post"}],"author":[{"embeddable":true,"href":"https:\/\/radiowebmx.com\/nota\/wp-json\/wp\/v2\/users\/1"}],"replies":[{"embeddable":true,"href":"https:\/\/radiowebmx.com\/nota\/wp-json\/wp\/v2\/comments?post=18036"}],"version-history":[{"count":2,"href":"https:\/\/radiowebmx.com\/nota\/wp-json\/wp\/v2\/posts\/18036\/revisions"}],"predecessor-version":[{"id":18039,"href":"https:\/\/radiowebmx.com\/nota\/wp-json\/wp\/v2\/posts\/18036\/revisions\/18039"}],"wp:featuredmedia":[{"embeddable":true,"href":"https:\/\/radiowebmx.com\/nota\/wp-json\/wp\/v2\/media\/18037"}],"wp:attachment":[{"href":"https:\/\/radiowebmx.com\/nota\/wp-json\/wp\/v2\/media?parent=18036"}],"wp:term":[{"taxonomy":"category","embeddable":true,"href":"https:\/\/radiowebmx.com\/nota\/wp-json\/wp\/v2\/categories?post=18036"},{"taxonomy":"post_tag","embeddable":true,"href":"https:\/\/radiowebmx.com\/nota\/wp-json\/wp\/v2\/tags?post=18036"}],"curies":[{"name":"wp","href":"https:\/\/api.w.org\/{rel}","templated":true}]}}