{"id":18029,"date":"2015-09-15T14:09:02","date_gmt":"2015-09-15T19:09:02","guid":{"rendered":"https:\/\/radiowebmx.com\/nota\/?p=18029"},"modified":"2015-09-15T15:11:18","modified_gmt":"2015-09-15T20:11:18","slug":"por-instrucciones-del-secretario-de-gobierno-jaime-esparza-cortina-el-subsecretario-de-gobernacion-jesus-santillan-gutierrez-atendio-a-los-sindicatos-del-sector-salud-que-este-dia-se-manifestaron-f","status":"publish","type":"post","link":"https:\/\/radiowebmx.com\/nota\/por-instrucciones-del-secretario-de-gobierno-jaime-esparza-cortina-el-subsecretario-de-gobernacion-jesus-santillan-gutierrez-atendio-a-los-sindicatos-del-sector-salud-que-este-dia-se-manifestaron-f\/","title":{"rendered":"Ayuntamiento de Morelia rinde homenaje a v\u00edctimas del 15 de Septiembre del 2008"},"content":{"rendered":"<p>El Ayuntamiento de Morelia encabezado\u00a0por el Presidente Municipal,\u00a0Alfonso Mart\u00ednez Alc\u00e1zar,\u00a0realiz\u00f3 un homenaje a las\u00a0v\u00edctimas del atentado registrado el 15 de\u00a0Septiembre del 2008, por lo que como cada a\u00f1o, se\u00a0coloc\u00f3 una ofrenda floral\u00a0y se mont\u00f3 guardia\u00a0de honor\u00a0en la placa que rememora a\u00a0quienes perdieron la vida.<\/p>\n<p>Acompa\u00f1ado por su gabinete y diversas autoridades municipales,\u00a0el\u00a0alcalde tuvo un acercamiento con familiares de las v\u00edctimas que se encontraban en ese lugar para recordar a sus seres queridos.<\/p>\n<p>En este tenor, el jefe de la comuna moreliana\u00a0se comprometi\u00f3 a que en los pr\u00f3ximos d\u00edas\u00a0se reunir\u00eda con cada una de las familias afectadas, a fin de revisar los casos y determinar de qu\u00e9 manera el Ayuntamiento de Morelia puede coadyuvar, con el objetivo de mejorar la situaci\u00f3n de las personas afectadas durante este suceso.<\/p>\n<p>En el encuentro con\u00a0los familiares de las v\u00edctimas, Alfonso\u00a0Mart\u00ednez extern\u00f3 su solidaridad con cada uno de ellos, refrendando todo el apoyo de la administraci\u00f3n municipal\u00a0y se\u00f1al\u00f3 que a partir de esa fecha, el compromiso como autoridad es redoblar esfuerzos para garantizar la seguridad de la poblaci\u00f3n.<\/p>\n<p>Es de precisar que los actos para conmemorar el Aniversario de la Independencia de M\u00e9xico comenzaron desde las ocho de la ma\u00f1ana con el izamiento del L\u00e1baro Patrio, en la Plaza Jard\u00edn\u00a0Morelos.<\/p>\n","protected":false},"excerpt":{"rendered":"<p>El Ayuntamiento de Morelia encabezado por el Presidente Municipal, AMA, realiz\u00f3 un homenaje a las v\u00edctimas del atentado registrado el 15 de Septiembre del 2008, por lo que como cada a\u00f1o, se coloc\u00f3 una ofrenda floral y se mont\u00f3 guardia de honor en la placa que rememora a quienes perdieron la vida.<\/p>\n","protected":false},"author":1,"featured_media":18030,"comment_status":"open","ping_status":"open","sticky":false,"template":"","format":"standard","meta":{"footnotes":""},"categories":[14,9],"tags":[],"class_list":["post-18029","post","type-post","status-publish","format-standard","has-post-thumbnail","hentry","category-destacadas","category-morelia"],"_links":{"self":[{"href":"https:\/\/radiowebmx.com\/nota\/wp-json\/wp\/v2\/posts\/18029","targetHints":{"allow":["GET"]}}],"collection":[{"href":"https:\/\/radiowebmx.com\/nota\/wp-json\/wp\/v2\/posts"}],"about":[{"href":"https:\/\/radiowebmx.com\/nota\/wp-json\/wp\/v2\/types\/post"}],"author":[{"embeddable":true,"href":"https:\/\/radiowebmx.com\/nota\/wp-json\/wp\/v2\/users\/1"}],"replies":[{"embeddable":true,"href":"https:\/\/radiowebmx.com\/nota\/wp-json\/wp\/v2\/comments?post=18029"}],"version-history":[{"count":4,"href":"https:\/\/radiowebmx.com\/nota\/wp-json\/wp\/v2\/posts\/18029\/revisions"}],"predecessor-version":[{"id":18032,"href":"https:\/\/radiowebmx.com\/nota\/wp-json\/wp\/v2\/posts\/18029\/revisions\/18032"}],"wp:featuredmedia":[{"embeddable":true,"href":"https:\/\/radiowebmx.com\/nota\/wp-json\/wp\/v2\/media\/18030"}],"wp:attachment":[{"href":"https:\/\/radiowebmx.com\/nota\/wp-json\/wp\/v2\/media?parent=18029"}],"wp:term":[{"taxonomy":"category","embeddable":true,"href":"https:\/\/radiowebmx.com\/nota\/wp-json\/wp\/v2\/categories?post=18029"},{"taxonomy":"post_tag","embeddable":true,"href":"https:\/\/radiowebmx.com\/nota\/wp-json\/wp\/v2\/tags?post=18029"}],"curies":[{"name":"wp","href":"https:\/\/api.w.org\/{rel}","templated":true}]}}