{"id":18025,"date":"2015-09-15T11:15:03","date_gmt":"2015-09-15T16:15:03","guid":{"rendered":"https:\/\/radiowebmx.com\/nota\/?p=18025"},"modified":"2015-09-15T11:15:03","modified_gmt":"2015-09-15T16:15:03","slug":"gobierno-del-estado-firma-acuerdos-con-sindicatos-del-sector-salud","status":"publish","type":"post","link":"https:\/\/radiowebmx.com\/nota\/gobierno-del-estado-firma-acuerdos-con-sindicatos-del-sector-salud\/","title":{"rendered":"GOBIERNO DEL ESTADO FIRMA ACUERDOS CON SINDICATOS DEL SECTOR SALUD"},"content":{"rendered":"<p>Por instrucciones del secretario de Gobierno, Jaime Esparza Cortina, el subsecretario de Gobernaci\u00f3n Jes\u00fas Santill\u00e1n Guti\u00e9rrez, atendi\u00f3 a los sindicatos del sector salud que este d\u00eda se manifestaron frente a Casa de Gobierno.<\/p>\n<p>En la reuni\u00f3n se acord\u00f3, a efecto de mantener la armon\u00eda laboral en la Secretar\u00eda de Salud, suspender el procedimiento de formalizaci\u00f3n y nombramiento de los 808 trabajadoras y trabajadores eventuales hasta realizar observaciones al listado, para lo cual se dio un plazo no mayor al 21 de septiembre, mismo que deber\u00e1 ser entregado al secretario de Salud, Carlos Esteban Aranza Doniz.<\/p>\n<p>Otro acuerdo fue que los derechos ya ganados por el personal de contrato, bajo el r\u00e9gimen de honorarios, sean respetados, para lo cual se instala una comisi\u00f3n que analizar\u00e1 los aspectos jur\u00eddico &#8211; administrativos al respecto, con este prop\u00f3sito \u00a0se fij\u00f3 el jueves 17 de septiembre para llevar a cabo la primera reuni\u00f3n en las oficinas del R\u00e9gimen Estatal de Protecci\u00f3n Social en Salud, conocido como Seguro Popular.<\/p>\n<p>En la mesa de di\u00e1logo estuvo presente el secretario de Salud, Carlos Esteban Aranza Doniz; el Sindicato Descentralizado de los Servicios de Salud en Michoac\u00e1n \u201cGral. L\u00e1zaro C\u00e1rdenas\u201d, representado por Guadalupe Pichardo Escobedo; el Sindicato Independiente Nacional de Trabajadores de Salud, representado por Josefina Molina Ponce; y el Sindicato de M\u00e9dicos, Enfermeras, Trabajadores y Administrativos del Organismo Descentralizado de Salud en Michoac\u00e1n, en la representaci\u00f3n de \u00a0Pablo Figueroa Mart\u00ednez.<\/p>\n","protected":false},"excerpt":{"rendered":"<p>Por instrucciones del secretario de Gobierno, Jaime Esparza Cortina, el subsecretario de Gobernaci\u00f3n Jes\u00fas Santill\u00e1n Guti\u00e9rrez, atendi\u00f3 a los sindicatos del sector salud que este d\u00eda se manifestaron frente a Casa de Gobierno.<\/p>\n","protected":false},"author":1,"featured_media":18026,"comment_status":"open","ping_status":"open","sticky":false,"template":"","format":"standard","meta":{"footnotes":""},"categories":[14,3],"tags":[],"class_list":["post-18025","post","type-post","status-publish","format-standard","has-post-thumbnail","hentry","category-destacadas","category-gobierno-del-estado-de-michoacan"],"_links":{"self":[{"href":"https:\/\/radiowebmx.com\/nota\/wp-json\/wp\/v2\/posts\/18025","targetHints":{"allow":["GET"]}}],"collection":[{"href":"https:\/\/radiowebmx.com\/nota\/wp-json\/wp\/v2\/posts"}],"about":[{"href":"https:\/\/radiowebmx.com\/nota\/wp-json\/wp\/v2\/types\/post"}],"author":[{"embeddable":true,"href":"https:\/\/radiowebmx.com\/nota\/wp-json\/wp\/v2\/users\/1"}],"replies":[{"embeddable":true,"href":"https:\/\/radiowebmx.com\/nota\/wp-json\/wp\/v2\/comments?post=18025"}],"version-history":[{"count":2,"href":"https:\/\/radiowebmx.com\/nota\/wp-json\/wp\/v2\/posts\/18025\/revisions"}],"predecessor-version":[{"id":18028,"href":"https:\/\/radiowebmx.com\/nota\/wp-json\/wp\/v2\/posts\/18025\/revisions\/18028"}],"wp:featuredmedia":[{"embeddable":true,"href":"https:\/\/radiowebmx.com\/nota\/wp-json\/wp\/v2\/media\/18026"}],"wp:attachment":[{"href":"https:\/\/radiowebmx.com\/nota\/wp-json\/wp\/v2\/media?parent=18025"}],"wp:term":[{"taxonomy":"category","embeddable":true,"href":"https:\/\/radiowebmx.com\/nota\/wp-json\/wp\/v2\/categories?post=18025"},{"taxonomy":"post_tag","embeddable":true,"href":"https:\/\/radiowebmx.com\/nota\/wp-json\/wp\/v2\/tags?post=18025"}],"curies":[{"name":"wp","href":"https:\/\/api.w.org\/{rel}","templated":true}]}}