{"id":18016,"date":"2015-09-15T11:06:39","date_gmt":"2015-09-15T16:06:39","guid":{"rendered":"https:\/\/radiowebmx.com\/nota\/?p=18016"},"modified":"2015-09-15T11:06:39","modified_gmt":"2015-09-15T16:06:39","slug":"sedeco-ofrece-capacitacion-a-empresarios-y-universidades-acerca-del-pei","status":"publish","type":"post","link":"https:\/\/radiowebmx.com\/nota\/sedeco-ofrece-capacitacion-a-empresarios-y-universidades-acerca-del-pei\/","title":{"rendered":"SEDECO OFRECE CAPACITACI\u00d3N A EMPRESARIOS Y UNIVERSIDADES ACERCA DEL PEI"},"content":{"rendered":"<p>La Secretar\u00eda de Desarrollo Econ\u00f3mico de Michoac\u00e1n en coordinaci\u00f3n con la Asociaci\u00f3n Mexicana de Secretarios de Desarrollo Econ\u00f3mico (AMSDE) y el Consejo Nacional de Ciencia y Tecnologia (Conacyt), ofreci\u00f3 capacitaci\u00f3n sobre el Programa de Est\u00edmulos a la Investigaci\u00f3n, Desarrollo Tecnol\u00f3gico e Innovaci\u00f3n, a m\u00e1s de 60 personas del sector empresarial y universidades.<\/p>\n<p>Luis G\u00e1lvez Ant\u00fanez, titular de la Sedeco, subray\u00f3 la importancia de este tipo de capacitaciones que contribuyen al mejoramiento de los mecanismos para llevar a cabo el Programa de Est\u00edmulos, y se\u00f1al\u00f3 que es importante seguir fomentando la participaci\u00f3n de las empresas.<\/p>\n<p>Asimismo, dijo que con estos talleres se brindan las mejores herramientas a las organizaciones que invierten en proyectos de investigaci\u00f3n, desarrollo de tecnolog\u00eda e innovaciones, para que puedan crear nuevos productos, procesos o servicios.<\/p>\n<p>Durante la capacitaci\u00f3n se describi\u00f3 el funcionamiento, particularidades, marco normativo de la convocatoria y acceso al sistema PEI, que es administrado por Conacyt, como lo son, requisitos b\u00e1sicos para participar, sujetos de apoyo, rubros y montos de apoyo; recomendaciones y consideraciones; adem\u00e1s de una sesi\u00f3n de preguntas y respuestas.<\/p>\n<p>Lo anterior, con el objetivo de que m\u00e1s empresas mexicanas y en especial michoacanas, sean impulsadas a trav\u00e9s de la innovaci\u00f3n, el desarrollo tecnol\u00f3gico y la investigaci\u00f3n.<\/p>\n<p>Asistieron a la capacitaci\u00f3n 64 michoacanos y michoacanas, quienes representaron a cinco instituciones de educaci\u00f3n Superior: Universidad Michoacana de San Nicol\u00e1s de Hidalgo, Universidad de Morelia, Instituto Tecnol\u00f3gico de Morelia, Instituto Tecnol\u00f3gico del Valle de Morelia, y Universidad Centro Panamericana de Estudios Superiores.<\/p>\n<p>As\u00ed como representantes de 59 micro, peque\u00f1as y medianas empresas del estado, y el Consejo Estatal de Ciencia, Tecnolog\u00eda e Innovaci\u00f3n (CECTI).<\/p>\n<p>Para mayor informaci\u00f3n sobre el Programa, los interesados pueden consultar mayor informaci\u00f3n en: <a href=\"http:\/\/peinnovacion.com.mx\/pei\/\">http:\/\/peinnovacion.com.mx\/pei\/<\/a><\/p>\n<p>&nbsp;<\/p>\n","protected":false},"excerpt":{"rendered":"<p>La Secretar\u00eda de Desarrollo Econ\u00f3mico de Michoac\u00e1n en coordinaci\u00f3n con la AMSDE y el Conacyt, ofreci\u00f3 capacitaci\u00f3n sobre el Programa de Est\u00edmulos a la Investigaci\u00f3n, Desarrollo Tecnol\u00f3gico e Innovaci\u00f3n, a m\u00e1s de 60 personas del sector empresarial y universidades.<\/p>\n","protected":false},"author":1,"featured_media":18017,"comment_status":"open","ping_status":"open","sticky":false,"template":"","format":"standard","meta":{"footnotes":""},"categories":[14,3],"tags":[],"class_list":["post-18016","post","type-post","status-publish","format-standard","has-post-thumbnail","hentry","category-destacadas","category-gobierno-del-estado-de-michoacan"],"_links":{"self":[{"href":"https:\/\/radiowebmx.com\/nota\/wp-json\/wp\/v2\/posts\/18016","targetHints":{"allow":["GET"]}}],"collection":[{"href":"https:\/\/radiowebmx.com\/nota\/wp-json\/wp\/v2\/posts"}],"about":[{"href":"https:\/\/radiowebmx.com\/nota\/wp-json\/wp\/v2\/types\/post"}],"author":[{"embeddable":true,"href":"https:\/\/radiowebmx.com\/nota\/wp-json\/wp\/v2\/users\/1"}],"replies":[{"embeddable":true,"href":"https:\/\/radiowebmx.com\/nota\/wp-json\/wp\/v2\/comments?post=18016"}],"version-history":[{"count":1,"href":"https:\/\/radiowebmx.com\/nota\/wp-json\/wp\/v2\/posts\/18016\/revisions"}],"predecessor-version":[{"id":18018,"href":"https:\/\/radiowebmx.com\/nota\/wp-json\/wp\/v2\/posts\/18016\/revisions\/18018"}],"wp:featuredmedia":[{"embeddable":true,"href":"https:\/\/radiowebmx.com\/nota\/wp-json\/wp\/v2\/media\/18017"}],"wp:attachment":[{"href":"https:\/\/radiowebmx.com\/nota\/wp-json\/wp\/v2\/media?parent=18016"}],"wp:term":[{"taxonomy":"category","embeddable":true,"href":"https:\/\/radiowebmx.com\/nota\/wp-json\/wp\/v2\/categories?post=18016"},{"taxonomy":"post_tag","embeddable":true,"href":"https:\/\/radiowebmx.com\/nota\/wp-json\/wp\/v2\/tags?post=18016"}],"curies":[{"name":"wp","href":"https:\/\/api.w.org\/{rel}","templated":true}]}}