{"id":18012,"date":"2015-09-15T10:19:43","date_gmt":"2015-09-15T15:19:43","guid":{"rendered":"https:\/\/radiowebmx.com\/nota\/?p=18012"},"modified":"2015-09-15T10:19:43","modified_gmt":"2015-09-15T15:19:43","slug":"ayuntamiento-de-morelia-arranca-campana-si-es-tu-chicle-pegalo-aqui","status":"publish","type":"post","link":"https:\/\/radiowebmx.com\/nota\/ayuntamiento-de-morelia-arranca-campana-si-es-tu-chicle-pegalo-aqui\/","title":{"rendered":"Ayuntamiento de Morelia arranca campa\u00f1a \u201cSi es tu chicle, p\u00e9galo aqu\u00ed\u201d"},"content":{"rendered":"<p>Con el objetivo de disminuir la cantidad de chicles que se pegan en las plazas p\u00fablicas del Primer Cuadro de la ciudad y conservar el buen estado de la cantera rosa, el S\u00edndico del Ayuntamiento de Morelia, Fabio Sistos Rangel, acudi\u00f3 al arranque de la campa\u00f1a denominada \u201cSi es tu chicle, p\u00e9galo aqu\u00ed\u201d la cual consistir\u00e1 en la colocaci\u00f3n de rehiletes en los contenedores de basura en donde la ciudadan\u00eda podr\u00e1 colocar este residuo.<\/p>\n<p>En representaci\u00f3n del Presidente Municipal de Morelia, Alfonso Mart\u00ednez Alc\u00e1zar, Sistos Rangel inform\u00f3 que el chicle es la segunda causa m\u00e1s frecuente que da\u00f1a o deteriora \u00a0la cantera rosa, adem\u00e1s de que representa un foco de bacterias da\u00f1ando la salud p\u00fablica y el paisaje urbano.<\/p>\n<p>Durante el arranque, el cual se llev\u00f3 a cabo en la Plaza de Armas, Fabio Sistos puntualiz\u00f3 que esta campa\u00f1a tiene la finalidad de embellecer y dignificar la imagen de la ciudad para que el turismo que arribe a la capital, se vaya con un buen sabor de boca.<\/p>\n<p>Es de se\u00f1alar que esta campa\u00f1a se realiz\u00f3 en coordinaci\u00f3n con la Secretar\u00eda de Servicios P\u00fablicos a trav\u00e9s de la Direcci\u00f3n de Aseo P\u00fablico y de la campa\u00f1a S.O.S, quienes el d\u00eda de hoy colocaron 40 rehiletes en diversas plazas del Centro Hist\u00f3rico, asimismo se dio a conocer que el objetivo es colocar 300 de dichas unidades en la ciudad.<\/p>\n<p>Por su parte, el secretario de Servicios P\u00fablicos, Jos\u00e9 Luis Gil V\u00e1zquez, detall\u00f3 que por instrucciones del alcalde, Alfonso Mart\u00ednez, se instrumentan programas que beneficien a la sociedad moreliana, con un Centro Hist\u00f3rico que muestre toda su belleza arquitect\u00f3nica.<\/p>\n<p>Gil V\u00e1zquez subray\u00f3 que hoy Morelia requiere de este tipo de campa\u00f1as, pero tambi\u00e9n de la participaci\u00f3n de la ciudadan\u00eda para que se tome conciencia y no se da\u00f1e la imagen de las plazas p\u00fablicas.<\/p>\n<p>En este sentido, el \u00e1rea de Servicios P\u00fablicos explic\u00f3 que \u200blos chicles son dif\u00edciles de remover y tardan alrededor de cinco a diez a\u00f1os en ser degradados por el ambiente, adem\u00e1s de observarse como manchas en la cantera y da\u00f1ar la imagen de los andadores de las plazas, lo que causa\u00a0 una sensaci\u00f3n desagradable al pisarlos.<\/p>\n<p>Asimismo, se inform\u00f3 que en algunos puntos de las plazas se observan hasta seis chicles o a\u00fan m\u00e1s, pegados en una superficie de 45 cm por 30 cm. Esto no s\u00f3lo implica dar un aspecto sucio, sino que tambi\u00e9n se requiere de un mayor gasto en mantenimiento de los espacios da\u00f1ados por esta circunstancia. Cabe mencionar que en este proyecto \u00fanicamente se utilizaron materiales de re uso.<\/p>\n","protected":false},"excerpt":{"rendered":"<p>Con el objetivo de disminuir la cantidad de chicles que se pegan en las plazas p\u00fablicas del Primer Cuadro de la ciudad y conservar el buen estado de la cantera rosa, el S\u00edndico del Ayuntamiento de Morelia, Fabio Sistos Rangel, <\/p>\n","protected":false},"author":1,"featured_media":18013,"comment_status":"open","ping_status":"open","sticky":false,"template":"","format":"standard","meta":{"footnotes":""},"categories":[14,9],"tags":[],"class_list":["post-18012","post","type-post","status-publish","format-standard","has-post-thumbnail","hentry","category-destacadas","category-morelia"],"_links":{"self":[{"href":"https:\/\/radiowebmx.com\/nota\/wp-json\/wp\/v2\/posts\/18012","targetHints":{"allow":["GET"]}}],"collection":[{"href":"https:\/\/radiowebmx.com\/nota\/wp-json\/wp\/v2\/posts"}],"about":[{"href":"https:\/\/radiowebmx.com\/nota\/wp-json\/wp\/v2\/types\/post"}],"author":[{"embeddable":true,"href":"https:\/\/radiowebmx.com\/nota\/wp-json\/wp\/v2\/users\/1"}],"replies":[{"embeddable":true,"href":"https:\/\/radiowebmx.com\/nota\/wp-json\/wp\/v2\/comments?post=18012"}],"version-history":[{"count":2,"href":"https:\/\/radiowebmx.com\/nota\/wp-json\/wp\/v2\/posts\/18012\/revisions"}],"predecessor-version":[{"id":18015,"href":"https:\/\/radiowebmx.com\/nota\/wp-json\/wp\/v2\/posts\/18012\/revisions\/18015"}],"wp:featuredmedia":[{"embeddable":true,"href":"https:\/\/radiowebmx.com\/nota\/wp-json\/wp\/v2\/media\/18013"}],"wp:attachment":[{"href":"https:\/\/radiowebmx.com\/nota\/wp-json\/wp\/v2\/media?parent=18012"}],"wp:term":[{"taxonomy":"category","embeddable":true,"href":"https:\/\/radiowebmx.com\/nota\/wp-json\/wp\/v2\/categories?post=18012"},{"taxonomy":"post_tag","embeddable":true,"href":"https:\/\/radiowebmx.com\/nota\/wp-json\/wp\/v2\/tags?post=18012"}],"curies":[{"name":"wp","href":"https:\/\/api.w.org\/{rel}","templated":true}]}}