{"id":18009,"date":"2015-09-15T10:17:14","date_gmt":"2015-09-15T15:17:14","guid":{"rendered":"https:\/\/radiowebmx.com\/nota\/?p=18009"},"modified":"2015-09-15T10:17:14","modified_gmt":"2015-09-15T15:17:14","slug":"realiza-pgje-muestra-gastronomica-con-motivo-del-mes-patrio","status":"publish","type":"post","link":"https:\/\/radiowebmx.com\/nota\/realiza-pgje-muestra-gastronomica-con-motivo-del-mes-patrio\/","title":{"rendered":"REALIZA PGJE MUESTRA GASTRON\u00d3MICA CON MOTIVO DEL MES PATRIO"},"content":{"rendered":"<p>Como una forma de enaltecer el orgullo mexicano y reconocer a la entidad por el papel que ha tenido en los movimientos hist\u00f3ricos m\u00e1s importantes del pa\u00eds, este d\u00eda la Procuradur\u00eda General de Justicia del Estado, \u00a0llev\u00f3 a cabo una muestra gastron\u00f3mica que fue disfrutada por personal de la instituci\u00f3n.<\/p>\n<p>&nbsp;<\/p>\n<p>Durante esta actividad, el Procurador General de Justicia del Estado, Jos\u00e9 Mart\u00edn Godoy Castro, manifest\u00f3 que la convicci\u00f3n con la que \u00a0lucharon los grandes h\u00e9roes de \u00a0la Independencia, debe ser un aliento para que \u00a0las y los servidores p\u00fablicos de la instituci\u00f3n sigan cumpliendo de manera eficaz con su responsabilidad.<\/p>\n<p>&nbsp;<\/p>\n<p>Godoy Castro reconoci\u00f3 a las diferentes \u00e1reas de la instituci\u00f3n\u00a0 por su disposici\u00f3n de colaborar en la elaboraci\u00f3n de diversos platillos t\u00edpicos que fueron disfrutados por\u00a0 personal sindicalizado, operativo y de confianza, sin que representara ello alg\u00fan gasto para la instituci\u00f3n y tampoco que se dejara de prestar servicio en virtud de que se designaron guardias.<\/p>\n<p>&nbsp;<\/p>\n<p>Por su parte, el delegado sindical, Jos\u00e9 Luis Trujillo P\u00e9rez, ponder\u00f3 lo ben\u00e9fico que es para las y los trabajadores este tipo de actividades, ya que adem\u00e1s de que la invitaci\u00f3n fue extensiva\u00a0 para todo el personal, tuvieron la oportunidad de convivir en una fecha importante por su cercan\u00eda con el aniversario de la Independencia de M\u00e9xico.<\/p>\n<p>&nbsp;<\/p>\n<p>De igual forma, el director de la Agencia de Investigaci\u00f3n y An\u00e1lisis, Ricardo Delgado Castellanos puntualiz\u00f3 la oportunidad que se ha tenido para convivir y conocer m\u00e1s de la cultura michoacana a trav\u00e9s de platillos que hablan por s\u00ed mismos de la riqueza de la entidad.<\/p>\n<p>&nbsp;<\/p>\n<p>Durante el evento se disfrutaron platillos t\u00edpicos como churipo, corundas, carnitas, uchepos, mole, pozole, tamales, atole y\u00a0 aguas frescas de fruta, entre otros.<\/p>\n<p>&nbsp;<\/p>\n","protected":false},"excerpt":{"rendered":"<p>Como una forma de enaltecer el orgullo mexicano y reconocer a la entidad por el papel que ha tenido en los movimientos hist\u00f3ricos m\u00e1s importantes del pa\u00eds, este d\u00eda la Procuradur\u00eda General de Justicia del Estado,  llev\u00f3 a cabo una muestra gastron\u00f3mica que fue disfrutada por personal de la instituci\u00f3n.<\/p>\n","protected":false},"author":1,"featured_media":18010,"comment_status":"open","ping_status":"open","sticky":false,"template":"","format":"standard","meta":{"footnotes":""},"categories":[14,3],"tags":[],"class_list":["post-18009","post","type-post","status-publish","format-standard","has-post-thumbnail","hentry","category-destacadas","category-gobierno-del-estado-de-michoacan"],"_links":{"self":[{"href":"https:\/\/radiowebmx.com\/nota\/wp-json\/wp\/v2\/posts\/18009","targetHints":{"allow":["GET"]}}],"collection":[{"href":"https:\/\/radiowebmx.com\/nota\/wp-json\/wp\/v2\/posts"}],"about":[{"href":"https:\/\/radiowebmx.com\/nota\/wp-json\/wp\/v2\/types\/post"}],"author":[{"embeddable":true,"href":"https:\/\/radiowebmx.com\/nota\/wp-json\/wp\/v2\/users\/1"}],"replies":[{"embeddable":true,"href":"https:\/\/radiowebmx.com\/nota\/wp-json\/wp\/v2\/comments?post=18009"}],"version-history":[{"count":1,"href":"https:\/\/radiowebmx.com\/nota\/wp-json\/wp\/v2\/posts\/18009\/revisions"}],"predecessor-version":[{"id":18011,"href":"https:\/\/radiowebmx.com\/nota\/wp-json\/wp\/v2\/posts\/18009\/revisions\/18011"}],"wp:featuredmedia":[{"embeddable":true,"href":"https:\/\/radiowebmx.com\/nota\/wp-json\/wp\/v2\/media\/18010"}],"wp:attachment":[{"href":"https:\/\/radiowebmx.com\/nota\/wp-json\/wp\/v2\/media?parent=18009"}],"wp:term":[{"taxonomy":"category","embeddable":true,"href":"https:\/\/radiowebmx.com\/nota\/wp-json\/wp\/v2\/categories?post=18009"},{"taxonomy":"post_tag","embeddable":true,"href":"https:\/\/radiowebmx.com\/nota\/wp-json\/wp\/v2\/tags?post=18009"}],"curies":[{"name":"wp","href":"https:\/\/api.w.org\/{rel}","templated":true}]}}