{"id":18003,"date":"2015-09-15T10:11:50","date_gmt":"2015-09-15T15:11:50","guid":{"rendered":"https:\/\/radiowebmx.com\/nota\/?p=18003"},"modified":"2015-09-15T10:11:50","modified_gmt":"2015-09-15T15:11:50","slug":"secretario-de-gobierno-toma-protesta-a-director-del-c-3-como-secretario-tecnico-de-la-junta-de-gobierno","status":"publish","type":"post","link":"https:\/\/radiowebmx.com\/nota\/secretario-de-gobierno-toma-protesta-a-director-del-c-3-como-secretario-tecnico-de-la-junta-de-gobierno\/","title":{"rendered":"SECRETARIO DE GOBIERNO TOMA PROTESTA A DIRECTOR DEL C-3 COMO SECRETARIO T\u00c9CNICO DE LA JUNTA DE GOBIERNO"},"content":{"rendered":"<p>En su car\u00e1cter de presidente de la Junta de Gobierno del Centro Estatal de Certificaci\u00f3n, Acreditaci\u00f3n y Control de Confianza (C-3), el secretario de Gobierno, Jaime Esparza Cortina, tom\u00f3 protesta a V\u00edctor Hugo Guti\u00e9rrez Duarte, director general de esta dependencia, como secretario t\u00e9cnico del mismo, con lo cual, qued\u00f3 debidamente integrado este \u00f3rgano colegiado para los efectos y asuntos relacionados con el pleno funcionamiento de la instituci\u00f3n.<\/p>\n<p>&nbsp;<\/p>\n<p>Dicha sesi\u00f3n sirvi\u00f3 tambi\u00e9n para que los consejeros escucharan de parte del director, los avances en materia de acreditaci\u00f3n policial, as\u00ed como la situaci\u00f3n financiera y las obligaciones fiscales de la dependencia.<\/p>\n<p>&nbsp;<\/p>\n<p>De este informe, se pudo conocer entre otras cosas, el n\u00famero total de evaluaciones practicadas en el periodo junio-julio del presente a\u00f1o, mismo que ascendi\u00f3 a los 3 mil 881, de los cuales, mil 686 fueron a elementos de la Secretar\u00eda de Seguridad P\u00fablica, 925 a efectivos de la Procuradur\u00eda General de Justicia, mil 118 del Secretariado Ejecutivo del Sistema Estatal de Seguridad P\u00fablica y 82 del propio C-3.<\/p>\n<p>&nbsp;<\/p>\n<p>Una vez concluido el informe, el secretario de Gobierno se congratul\u00f3 por estos logros alcanzados en el poco tiempo del actual director al frente del centro, al tiempo que lo conmin\u00f3 a seguir, junto a su equipo de trabajo, en esta misma ruta hasta el \u00faltimo d\u00eda de la actual administraci\u00f3n.<\/p>\n<p>&nbsp;<\/p>\n<p>A esta sesi\u00f3n acudieron entre otros; Anna Lilia Ram\u00edrez Ortega, secretaria ejecutiva del Sistema Estatal de Seguridad P\u00fablica y los representantes de la Secretar\u00eda de Seguridad P\u00fablica, de la Procuradur\u00eda General de Justicia, de la Coordinaci\u00f3n de Contralor\u00eda y de la Coordinaci\u00f3n de Planeaci\u00f3n para el Desarrollo (Ceplade).<\/p>\n","protected":false},"excerpt":{"rendered":"<p>En su car\u00e1cter de presidente de la Junta de Gobierno del Centro Estatal de Certificaci\u00f3n, Acreditaci\u00f3n y Control de Confianza (C-3), el secretario de Gobierno, Jaime Esparza Cortina, tom\u00f3 protesta a V\u00edctor Hugo Guti\u00e9rrez Duarte, director general de esta dependencia, como secretario t\u00e9cnico del mismo, <\/p>\n","protected":false},"author":1,"featured_media":18004,"comment_status":"open","ping_status":"open","sticky":false,"template":"","format":"standard","meta":{"footnotes":""},"categories":[14,3],"tags":[],"class_list":["post-18003","post","type-post","status-publish","format-standard","has-post-thumbnail","hentry","category-destacadas","category-gobierno-del-estado-de-michoacan"],"_links":{"self":[{"href":"https:\/\/radiowebmx.com\/nota\/wp-json\/wp\/v2\/posts\/18003","targetHints":{"allow":["GET"]}}],"collection":[{"href":"https:\/\/radiowebmx.com\/nota\/wp-json\/wp\/v2\/posts"}],"about":[{"href":"https:\/\/radiowebmx.com\/nota\/wp-json\/wp\/v2\/types\/post"}],"author":[{"embeddable":true,"href":"https:\/\/radiowebmx.com\/nota\/wp-json\/wp\/v2\/users\/1"}],"replies":[{"embeddable":true,"href":"https:\/\/radiowebmx.com\/nota\/wp-json\/wp\/v2\/comments?post=18003"}],"version-history":[{"count":1,"href":"https:\/\/radiowebmx.com\/nota\/wp-json\/wp\/v2\/posts\/18003\/revisions"}],"predecessor-version":[{"id":18005,"href":"https:\/\/radiowebmx.com\/nota\/wp-json\/wp\/v2\/posts\/18003\/revisions\/18005"}],"wp:featuredmedia":[{"embeddable":true,"href":"https:\/\/radiowebmx.com\/nota\/wp-json\/wp\/v2\/media\/18004"}],"wp:attachment":[{"href":"https:\/\/radiowebmx.com\/nota\/wp-json\/wp\/v2\/media?parent=18003"}],"wp:term":[{"taxonomy":"category","embeddable":true,"href":"https:\/\/radiowebmx.com\/nota\/wp-json\/wp\/v2\/categories?post=18003"},{"taxonomy":"post_tag","embeddable":true,"href":"https:\/\/radiowebmx.com\/nota\/wp-json\/wp\/v2\/tags?post=18003"}],"curies":[{"name":"wp","href":"https:\/\/api.w.org\/{rel}","templated":true}]}}