{"id":1800,"date":"2013-03-13T12:47:39","date_gmt":"2013-03-13T18:47:39","guid":{"rendered":"https:\/\/radiowebmx.com\/nota\/?p=1800"},"modified":"2013-03-13T12:47:53","modified_gmt":"2013-03-13T18:47:53","slug":"busca-edurdo-orihuela-legitimar-las-actividades-de-las-osc","status":"publish","type":"post","link":"https:\/\/radiowebmx.com\/nota\/busca-edurdo-orihuela-legitimar-las-actividades-de-las-osc\/","title":{"rendered":"BUSCA EDURDO ORIHUELA LEGITIMAR LAS ACTIVIDADES DE LAS OSC"},"content":{"rendered":"<p><a href=\"https:\/\/radiowebmx.com\/nota\/wp-content\/uploads\/2013\/03\/IMG_2770.jpg\"><img loading=\"lazy\" decoding=\"async\" class=\"alignleft size-full wp-image-1801\" title=\"IMG_2770\" src=\"https:\/\/radiowebmx.com\/nota\/wp-content\/uploads\/2013\/03\/IMG_2770.jpg\" alt=\"\" width=\"591\" height=\"263\" \/><\/a>Con la finalidad de coordinar, fomentar y legitimar las actividades realizadas en el estado por las Organizaciones de la Sociedad civil, as\u00ed como alinear la legislaci\u00f3n estatal con la federal vigente en la materia y crear un marco normativo que facilite el desarrollo de sus actividades a favor de la comunidad, el diputado Eduardo Orihuela Estefan present\u00f3 ante integrantes de las OSC la iniciativa de ley estatal de Fomento y Fortalecimiento a las Actividades realizadas por ellos.<\/p>\n<p>&nbsp;<\/p>\n<p>El legislador del Partido Revolucionario Institucional (PRI), destac\u00f3 que en Michoac\u00e1n existen m\u00e1s de mil organizaciones de la sociedad civil y son m\u00e1s de 800 las inscritas en el Registro Federal, as\u00ed que el objetivo principal de la iniciativa es crear la Comisi\u00f3n de Fomento y Fortalecimiento de las Organizaciones de la Sociedad Civil y del Sistema de Informaci\u00f3n.<\/p>\n<p>&nbsp;<\/p>\n<p>Adem\u00e1s, explic\u00f3 el legislador, crear el Consejo T\u00e9cnico Consultivo Representativo de las Organizaciones para fungir como un \u00f3rgano de consulta, intermediario entre el gobierno y las OSC y deber\u00e1 estar integrado por miembros del ejecutivo, el legislativo y representantes de las propias organizaciones de todo el estado.<\/p>\n<p>&nbsp;<\/p>\n<p>La iniciativa tambi\u00e9n busca fomentar la transparencia y la rendici\u00f3n de cuentas de los fondos otorgados por la administraci\u00f3n p\u00fablica a las OSC. Luego de escuchar al legislador, los representantes de organizaciones reconocieron que se trata de una situaci\u00f3n necesaria y celebraron la posibilidad de que se legisle en la materia.<\/p>\n<p>&nbsp;<\/p>\n<p>De esta manera, Orihuela Estefan a\u00f1adi\u00f3 que los resultados esperados se refieren a evitar la duplicidad de registros, homologar los criterios en la distribuci\u00f3n de recursos, institucionalizar la relaci\u00f3n del gobierno y las OSC, fortalecer la vinculaci\u00f3n entre instituciones gubernamentales.<\/p>\n<p>&nbsp;<\/p>\n<p>Adem\u00e1s, finaliz\u00f3 Orihuela Estefan, crear espacios de interlocuci\u00f3n entre el gobierno y las OSC, simplificar los tr\u00e1mites administrativos, facilitar el proceso para obtener la autorizaci\u00f3n para ser una entidad donataria autorizada y, lograr una eficiente asignaci\u00f3n de los recursos, evitando as\u00ed tambi\u00e9n la duplicidad de las asignaciones.<\/p>\n","protected":false},"excerpt":{"rendered":"<p>Con la finalidad de coordinar, fomentar y legitimar las actividades realizadas en el estado por las Organizaciones de la Sociedad civil, as\u00ed como alinear la legislaci\u00f3n estatal con la federal vigente en la materia y crear un marco normativo que facilite el desarrollo de sus actividades a favor de la comunidad, el diputado Eduardo Orihuela Estefan present\u00f3 ante integrantes de las OSC la iniciativa de ley estatal de Fomento y Fortalecimiento a las Actividades realizadas por ellos.<\/p>\n","protected":false},"author":1,"featured_media":0,"comment_status":"open","ping_status":"open","sticky":false,"template":"","format":"standard","meta":{"footnotes":""},"categories":[14],"tags":[],"class_list":["post-1800","post","type-post","status-publish","format-standard","hentry","category-destacadas"],"_links":{"self":[{"href":"https:\/\/radiowebmx.com\/nota\/wp-json\/wp\/v2\/posts\/1800","targetHints":{"allow":["GET"]}}],"collection":[{"href":"https:\/\/radiowebmx.com\/nota\/wp-json\/wp\/v2\/posts"}],"about":[{"href":"https:\/\/radiowebmx.com\/nota\/wp-json\/wp\/v2\/types\/post"}],"author":[{"embeddable":true,"href":"https:\/\/radiowebmx.com\/nota\/wp-json\/wp\/v2\/users\/1"}],"replies":[{"embeddable":true,"href":"https:\/\/radiowebmx.com\/nota\/wp-json\/wp\/v2\/comments?post=1800"}],"version-history":[{"count":3,"href":"https:\/\/radiowebmx.com\/nota\/wp-json\/wp\/v2\/posts\/1800\/revisions"}],"predecessor-version":[{"id":1804,"href":"https:\/\/radiowebmx.com\/nota\/wp-json\/wp\/v2\/posts\/1800\/revisions\/1804"}],"wp:attachment":[{"href":"https:\/\/radiowebmx.com\/nota\/wp-json\/wp\/v2\/media?parent=1800"}],"wp:term":[{"taxonomy":"category","embeddable":true,"href":"https:\/\/radiowebmx.com\/nota\/wp-json\/wp\/v2\/categories?post=1800"},{"taxonomy":"post_tag","embeddable":true,"href":"https:\/\/radiowebmx.com\/nota\/wp-json\/wp\/v2\/tags?post=1800"}],"curies":[{"name":"wp","href":"https:\/\/api.w.org\/{rel}","templated":true}]}}