{"id":17976,"date":"2015-09-14T11:46:29","date_gmt":"2015-09-14T16:46:29","guid":{"rendered":"https:\/\/radiowebmx.com\/nota\/?p=17976"},"modified":"2015-09-14T11:46:29","modified_gmt":"2015-09-14T16:46:29","slug":"refrenda-alfonso-martinez-compromiso-de-mantener-gobierno-de-puertas-abiertas","status":"publish","type":"post","link":"https:\/\/radiowebmx.com\/nota\/refrenda-alfonso-martinez-compromiso-de-mantener-gobierno-de-puertas-abiertas\/","title":{"rendered":"Refrenda Alfonso Mart\u00ednez compromiso de mantener Gobierno de puertas abiertas"},"content":{"rendered":"<p>El presidente municipal de Morelia, Alfonso Mart\u00ednez Alc\u00e1zar, sostuvo un acercamiento con representantes vecinales y l\u00edderes comerciantes, a quienes refrend\u00f3 su compromiso de mantener un Gobierno de puertas abiertas, en el que todos los ciudadanos sean escuchados y atendidos.<\/p>\n<p>Reunidos en Palacio Municipal, el alcalde recibi\u00f3 a habitantes de la colonia Eduardo Ru\u00edz y Tierra y Libertad, a los cuales salud\u00f3 y se puso a sus \u00f3rdenes para revisar la situaci\u00f3n que priva en sus domicilios.<\/p>\n<p>Posteriormente, platic\u00f3 con integrantes de la coalici\u00f3n de comerciantes Mariano Matamoros, a quienes expuso su proyecto de Gobierno para impulsar el desarrollo de los mercados municipales y mejorar las actividades comerciales de quienes ah\u00ed trabajan.<\/p>\n<p>Alfonso Mart\u00ednez reiter\u00f3 que la actual Administraci\u00f3n moreliana tiene un enfoque ciudadano, y que en esa l\u00ednea ser\u00e1n incluidas las necesidades de la gente sin importar colores o afinidad pol\u00edtica.<\/p>\n<p>Indic\u00f3 que este tipo de acercamientos con representantes sociales, continuar\u00e1n y que las inquietudes que sean expuestas, recibir\u00e1n atenci\u00f3n por parte de las dependencias involucradas, ya que la instrucci\u00f3n es la de trabajar de la mano con la ciudadan\u00eda.<\/p>\n","protected":false},"excerpt":{"rendered":"<p>El presidente municipal de Morelia, Alfonso Mart\u00ednez Alc\u00e1zar, sostuvo un acercamiento con representantes vecinales y l\u00edderes comerciantes, a quienes refrend\u00f3 su compromiso de mantener un Gobierno de puertas abiertas, <\/p>\n","protected":false},"author":1,"featured_media":17977,"comment_status":"open","ping_status":"open","sticky":false,"template":"","format":"standard","meta":{"footnotes":""},"categories":[14,9],"tags":[],"class_list":["post-17976","post","type-post","status-publish","format-standard","has-post-thumbnail","hentry","category-destacadas","category-morelia"],"_links":{"self":[{"href":"https:\/\/radiowebmx.com\/nota\/wp-json\/wp\/v2\/posts\/17976","targetHints":{"allow":["GET"]}}],"collection":[{"href":"https:\/\/radiowebmx.com\/nota\/wp-json\/wp\/v2\/posts"}],"about":[{"href":"https:\/\/radiowebmx.com\/nota\/wp-json\/wp\/v2\/types\/post"}],"author":[{"embeddable":true,"href":"https:\/\/radiowebmx.com\/nota\/wp-json\/wp\/v2\/users\/1"}],"replies":[{"embeddable":true,"href":"https:\/\/radiowebmx.com\/nota\/wp-json\/wp\/v2\/comments?post=17976"}],"version-history":[{"count":1,"href":"https:\/\/radiowebmx.com\/nota\/wp-json\/wp\/v2\/posts\/17976\/revisions"}],"predecessor-version":[{"id":17978,"href":"https:\/\/radiowebmx.com\/nota\/wp-json\/wp\/v2\/posts\/17976\/revisions\/17978"}],"wp:featuredmedia":[{"embeddable":true,"href":"https:\/\/radiowebmx.com\/nota\/wp-json\/wp\/v2\/media\/17977"}],"wp:attachment":[{"href":"https:\/\/radiowebmx.com\/nota\/wp-json\/wp\/v2\/media?parent=17976"}],"wp:term":[{"taxonomy":"category","embeddable":true,"href":"https:\/\/radiowebmx.com\/nota\/wp-json\/wp\/v2\/categories?post=17976"},{"taxonomy":"post_tag","embeddable":true,"href":"https:\/\/radiowebmx.com\/nota\/wp-json\/wp\/v2\/tags?post=17976"}],"curies":[{"name":"wp","href":"https:\/\/api.w.org\/{rel}","templated":true}]}}