{"id":17967,"date":"2015-09-14T11:39:59","date_gmt":"2015-09-14T16:39:59","guid":{"rendered":"https:\/\/radiowebmx.com\/nota\/?p=17967"},"modified":"2015-09-14T11:39:59","modified_gmt":"2015-09-14T16:39:59","slug":"la-conafor-michoacan-concluye-en-el-estado-los-foros-de-consulta-nacional-enaredd","status":"publish","type":"post","link":"https:\/\/radiowebmx.com\/nota\/la-conafor-michoacan-concluye-en-el-estado-los-foros-de-consulta-nacional-enaredd\/","title":{"rendered":"La CONAFOR Michoac\u00e1n, concluye en el Estado, los Foros de Consulta Nacional ENAREDD"},"content":{"rendered":"<p>La Comisi\u00f3n Nacional Forestal en Michoac\u00e1n, realiz\u00f3 el ultimo foro de consulta de la estrategia nacional de emisiones de reducci\u00f3n, deforestaci\u00f3n y degradaci\u00f3n forestal, en el municipio de San Juan Nuevo Parangaricutiro, donde asistieron de SEMARNAT, CONAFOR, SUMA, COFOM, los presidentes municipales de San Juan Nuevo, Uruapan, Nuevo Urecho,\u00a0 Tingambato y el CECFOR 01, adem\u00e1s participaron 190 personas entre ellos: due\u00f1os de los terrenos, organizaciones, comuneros, ejidatarios, silvicultores y sociedad en general.<\/p>\n<p>&nbsp;<\/p>\n<p>El delegado de la SEMARNAT en el Estado, Mtro. Mauro Ram\u00f3n Ballesteros Figueroa, dijo que el cambio clim\u00e1tico, es la alteraci\u00f3n en el cima de la tierra, debido a procesos naturales o de la actividad humana: esta \u00faltima, al consumir combustibles f\u00f3siles en la industria del transporte, as\u00ed como la p\u00e9rdida y degradaci\u00f3n de los bosques producen los gases de efecto invernadero, por eso la CONAFOR con el prop\u00f3sito de que las comunidades rurales del pa\u00eds puedan gestionar sus bosques de manera sustentable, crear capital social en torno a su protecci\u00f3n, as\u00ed como generar ingresos adicionales a partir de productos y servicios forestales, incluida la reducci\u00f3n de las emisiones debidas a la deforestaci\u00f3n y degradaci\u00f3n foresta (REDD+) les brinda su apoyo decidido.<\/p>\n<p>&nbsp;<\/p>\n<p>Por su parte el coordinador general de conservaci\u00f3n y restauraci\u00f3n, Ing. Jes\u00fas Carrasco G\u00f3mez, mencion\u00f3 que esta es una estrategia a nivel mundial para la reducci\u00f3n de las emisiones de carbono, (REDD) es reducci\u00f3n de emisiones de deforestaci\u00f3n y degradaci\u00f3n forestal y el + no \u00fanicamente se reducen las emisiones evitando la degradaci\u00f3n forestal sino que se reconoce que el manejo forestal sustentable es una de las principales fuentes para que se mantengan y se incrementen los bosques, entonces \u00a0el gobierno federal ya prepar\u00f3 un documento base que se est\u00e1 trayendo a consulta a nivel nacional con los due\u00f1os de los terrenos, con los funcionarios p\u00fablicos, organizaciones de la sociedad civil para que todo mundo opine y enriquezca esta estrategia a fin de lograr los objetivos de reducir las emisiones.<\/p>\n<p>&nbsp;<\/p>\n<p>La meta de M\u00e9xico es que para el 2050 haya cero emisiones por deforestaci\u00f3n y degradaci\u00f3n forestal.<\/p>\n<p>&nbsp;<\/p>\n<p>Carrasco G\u00f3mez, se\u00f1al\u00f3 que aqu\u00ed en Michoac\u00e1n, se han realizado 3 foros, uno en Hidalgo, otro en Morelia y con este estamos concluyendo en San Juan Nuevo Parangaricutiro, pero no solo a nivel Estado sino a nivel nacional es el \u00faltimo foro que se realiza de 52 que se hicieron en el pa\u00eds, para esta estrategia ya ha habido muchas aportaciones muy interesantes, muy propositivas para realmente lograr la meta.<\/p>\n<p>&nbsp;<\/p>\n<p>Finalmente Osvaldo Fern\u00e1ndez, destac\u00f3 en ese sentido, el gobierno federal, encabezado por el presidente de la rep\u00fablica mexicana, Enrique Pe\u00f1a Nieto, ha demostrado con hechos, que lo primordial, lo sustantivo es llevar a M\u00e9xico a su m\u00e1ximo potencial productivo, teniendo como base los recursos forestales, pues \u00e9stos, juegan un papel determinante en el desarrollo econ\u00f3mico con crecimiento, que venga a mejorar las condiciones sociales y econ\u00f3micas de las personas que habitan en las zonas rurales y la sociedad en general.<\/p>\n<p>&nbsp;<\/p>\n<p>Adem\u00e1s, en este marco, la Comisi\u00f3n Nacional Forestal (CONAFOR), ha contribuido con acciones focalizadas en la sobrevivencia de la reforestaci\u00f3n mediante la restauraci\u00f3n de terrenos degradados con la implementaci\u00f3n de obras de conservaci\u00f3n y restauraci\u00f3n de suelos, propiciando con ello un buen manejo de los ecosistemas forestales.<\/p>\n","protected":false},"excerpt":{"rendered":"<p>La Comisi\u00f3n Nacional Forestal en Michoac\u00e1n, realiz\u00f3 el ultimo foro de consulta de la estrategia nacional de emisiones de reducci\u00f3n, deforestaci\u00f3n y degradaci\u00f3n forestal, en el municipio de San Juan Nuevo Parangaricutiro, donde asistieron de SEMARNAT, CONAFOR, SUMA, COFOM, <\/p>\n","protected":false},"author":1,"featured_media":17968,"comment_status":"open","ping_status":"open","sticky":false,"template":"","format":"standard","meta":{"footnotes":""},"categories":[14,3],"tags":[],"class_list":["post-17967","post","type-post","status-publish","format-standard","has-post-thumbnail","hentry","category-destacadas","category-gobierno-del-estado-de-michoacan"],"_links":{"self":[{"href":"https:\/\/radiowebmx.com\/nota\/wp-json\/wp\/v2\/posts\/17967","targetHints":{"allow":["GET"]}}],"collection":[{"href":"https:\/\/radiowebmx.com\/nota\/wp-json\/wp\/v2\/posts"}],"about":[{"href":"https:\/\/radiowebmx.com\/nota\/wp-json\/wp\/v2\/types\/post"}],"author":[{"embeddable":true,"href":"https:\/\/radiowebmx.com\/nota\/wp-json\/wp\/v2\/users\/1"}],"replies":[{"embeddable":true,"href":"https:\/\/radiowebmx.com\/nota\/wp-json\/wp\/v2\/comments?post=17967"}],"version-history":[{"count":1,"href":"https:\/\/radiowebmx.com\/nota\/wp-json\/wp\/v2\/posts\/17967\/revisions"}],"predecessor-version":[{"id":17969,"href":"https:\/\/radiowebmx.com\/nota\/wp-json\/wp\/v2\/posts\/17967\/revisions\/17969"}],"wp:featuredmedia":[{"embeddable":true,"href":"https:\/\/radiowebmx.com\/nota\/wp-json\/wp\/v2\/media\/17968"}],"wp:attachment":[{"href":"https:\/\/radiowebmx.com\/nota\/wp-json\/wp\/v2\/media?parent=17967"}],"wp:term":[{"taxonomy":"category","embeddable":true,"href":"https:\/\/radiowebmx.com\/nota\/wp-json\/wp\/v2\/categories?post=17967"},{"taxonomy":"post_tag","embeddable":true,"href":"https:\/\/radiowebmx.com\/nota\/wp-json\/wp\/v2\/tags?post=17967"}],"curies":[{"name":"wp","href":"https:\/\/api.w.org\/{rel}","templated":true}]}}