{"id":1793,"date":"2013-03-13T12:35:57","date_gmt":"2013-03-13T18:35:57","guid":{"rendered":"https:\/\/radiowebmx.com\/nota\/?p=1793"},"modified":"2013-03-13T12:35:57","modified_gmt":"2013-03-13T18:35:57","slug":"pan-seguira-contribuyendo-en-beneficio-de-los-discapacitados-en-michoacan-alfonso-martinez-alcazar","status":"publish","type":"post","link":"https:\/\/radiowebmx.com\/nota\/pan-seguira-contribuyendo-en-beneficio-de-los-discapacitados-en-michoacan-alfonso-martinez-alcazar\/","title":{"rendered":"PAN seguir\u00e1 contribuyendo en beneficio de los discapacitados en Michoac\u00e1n: Alfonso Mart\u00ednez Alc\u00e1zar"},"content":{"rendered":"<p><a href=\"https:\/\/radiowebmx.com\/nota\/wp-content\/uploads\/2013\/03\/Alfonso-Mart\u00ednez-Alc\u00e1zar.jpg\"><img loading=\"lazy\" decoding=\"async\" class=\"alignleft size-full wp-image-1794\" title=\"Alfonso Mart\u00ednez Alc\u00e1zar\" src=\"https:\/\/radiowebmx.com\/nota\/wp-content\/uploads\/2013\/03\/Alfonso-Mart\u00ednez-Alc\u00e1zar.jpg\" alt=\"\" width=\"591\" height=\"385\" \/><\/a>\u201cLos diputados de Acci\u00f3n Nacional en la entidad, una vez m\u00e1s refrendamos nuestro\u00a0compromiso\u00a0a favor de los ni\u00f1os y ni\u00f1as con discapacidad, por ello, celebramos que la construcci\u00f3n del Centro de Rehabilitaci\u00f3n Infantil del Telet\u00f3n (CRIT) inicie la construcci\u00f3n con la colocaci\u00f3n de la primer piedra, donde se podr\u00e1 atender a este sector vulnerable de la sociedad\u201d,\u00a0as\u00ed lo se\u00f1al\u00f3 el diputado Alfonso Mart\u00ednez Alc\u00e1zar.<\/p>\n<p>Durante el evento de la colocaci\u00f3n de la primera piedra del CRIT en Michoac\u00e1n, ante la presencia de autoridades gubernamentales, en el predio ubicado en las inmediaciones de la Antigua Expo Feria del Estado; estuvieron presentes los diputados del blanquiazul, para dar fe de los inicios de lo que ser\u00e1 en los pr\u00f3ximos meses, uno de los Centros con mayor especialidad y calidad en atenci\u00f3n a infantes vulnerables en Michoac\u00e1n.<\/p>\n<p>Cabe destacar que en d\u00edas pasados, los legisladores de la LXXII Legislatura, aprobaron en sesi\u00f3n ante el Pleno del Congreso local, la solicitud del Ejecutivo Estatal para la desincorporaci\u00f3n del predio, \u201cacci\u00f3n que se ver\u00e1 reflejada en beneficio de los michoacanos, ya que actualmente Michoac\u00e1n se ubica en el tercer lugar con mayor n\u00famero de personas con discapacidad\u201d, resalt\u00f3 el l\u00edder de los diputados panistas.<\/p>\n<p>\u201cEn el CRIT Michoac\u00e1n, ser\u00e1n atendidos ni\u00f1os y j\u00f3venes con padecimientos neuromusculoesquel\u00e9tica, desde reci\u00e9n nacidos hasta los 18 a\u00f1os de edad\u201d, reiter\u00f3 el diputado local.<\/p>\n<p>De acuerdo a cifras del Instituto Nacional de Estad\u00edstica y Geograf\u00eda (INEGI), Michoac\u00e1n se ha colocado en el tercer lugar a nivel nacional con 267 mil 617 personas que tienen una limitaci\u00f3n en la actividad, lo que representa el 6.2 por ciento de la poblaci\u00f3n, por lo que dijo \u201cen Acci\u00f3n Nacional seguiremos comprometidos en generar un sentido de inclusi\u00f3n en los diversos \u00f3rdenes de gobierno y con ello, crear espacios que permitan y motiven su participaci\u00f3n activa en la sociedad, como lo es con el Centro de Rehabilitaci\u00f3n Infantil Telet\u00f3n\u201d, mencion\u00f3 en entrevista Mart\u00ednez Alc\u00e1zar.<\/p>\n<p>En el mismo contexto, el diputado del blanquiazul subray\u00f3 la importancia de la instalaci\u00f3n de Centros de esta magnitud en la entidad, los cuales cuentan con la infraestructura adecuada, as\u00ed como especialistas profesionales, aparatos adecuados y de tecnolog\u00eda avanzada para atender adecuadamente a los ni\u00f1os que lo necesiten y sin tener que desplazarse a otros Estados en busca de apoyo\u201d.<\/p>\n<p>Finalmente, refiri\u00f3 que Acci\u00f3n Nacional seguir\u00e1 trabajando comprometidamente en promover acciones que protejan la calidad de vida de los discapacitados, as\u00ed como estrategias que salvaguarden sus derechos dentro de la sociedad.<\/p>\n","protected":false},"excerpt":{"rendered":"<p>\u201cLos diputados de Acci\u00f3n Nacional en la entidad, una vez m\u00e1s refrendamos nuestro compromiso a favor de los ni\u00f1os y ni\u00f1as con discapacidad, por ello, celebramos que la construcci\u00f3n del Centro de Rehabilitaci\u00f3n Infantil del Telet\u00f3n (CRIT) inicie la construcci\u00f3n con la colocaci\u00f3n de la primer piedra, donde se podr\u00e1 atender a este sector vulnerable de la sociedad\u201d, as\u00ed lo se\u00f1al\u00f3 el diputado Alfonso Mart\u00ednez Alc\u00e1zar.<\/p>\n","protected":false},"author":1,"featured_media":0,"comment_status":"open","ping_status":"open","sticky":false,"template":"","format":"standard","meta":{"footnotes":""},"categories":[6,8],"tags":[],"class_list":["post-1793","post","type-post","status-publish","format-standard","hentry","category-congreso-del-estado","category-grupo-parlamentario-del-pan"],"_links":{"self":[{"href":"https:\/\/radiowebmx.com\/nota\/wp-json\/wp\/v2\/posts\/1793","targetHints":{"allow":["GET"]}}],"collection":[{"href":"https:\/\/radiowebmx.com\/nota\/wp-json\/wp\/v2\/posts"}],"about":[{"href":"https:\/\/radiowebmx.com\/nota\/wp-json\/wp\/v2\/types\/post"}],"author":[{"embeddable":true,"href":"https:\/\/radiowebmx.com\/nota\/wp-json\/wp\/v2\/users\/1"}],"replies":[{"embeddable":true,"href":"https:\/\/radiowebmx.com\/nota\/wp-json\/wp\/v2\/comments?post=1793"}],"version-history":[{"count":2,"href":"https:\/\/radiowebmx.com\/nota\/wp-json\/wp\/v2\/posts\/1793\/revisions"}],"predecessor-version":[{"id":1796,"href":"https:\/\/radiowebmx.com\/nota\/wp-json\/wp\/v2\/posts\/1793\/revisions\/1796"}],"wp:attachment":[{"href":"https:\/\/radiowebmx.com\/nota\/wp-json\/wp\/v2\/media?parent=1793"}],"wp:term":[{"taxonomy":"category","embeddable":true,"href":"https:\/\/radiowebmx.com\/nota\/wp-json\/wp\/v2\/categories?post=1793"},{"taxonomy":"post_tag","embeddable":true,"href":"https:\/\/radiowebmx.com\/nota\/wp-json\/wp\/v2\/tags?post=1793"}],"curies":[{"name":"wp","href":"https:\/\/api.w.org\/{rel}","templated":true}]}}