{"id":17918,"date":"2015-09-11T11:05:17","date_gmt":"2015-09-11T16:05:17","guid":{"rendered":"https:\/\/radiowebmx.com\/nota\/?p=17918"},"modified":"2015-09-11T11:05:17","modified_gmt":"2015-09-11T16:05:17","slug":"plan-de-gran-vision-morelia-next","status":"publish","type":"post","link":"https:\/\/radiowebmx.com\/nota\/plan-de-gran-vision-morelia-next\/","title":{"rendered":"Plan de Gran Visi\u00f3n \u201cMorelia NExT\u201d"},"content":{"rendered":"<div>El H. Ayuntamiento de Morelia a trav\u00e9s del Instituto Municipal de Planeaci\u00f3n (IMPLAN) ha iniciado el Plan de Gran Visi\u00f3n para nuestro municipio, que se ha denominado \u201cMorelia NExT\u201d, el cual se busca sea un instrumento de gran trascendencia para el futuro de nuestra ciudad y su entorno metropolitano.<\/p>\n<p>Morelia NExT pretende posicionar a Morelia en el nuevo escenario de ciudades del siglo XXI, contribuyendo a mejorar sus oportunidades econ\u00f3micas, la calidad de vida de sus habitantes y a definir un papel protag\u00f3nico en el contexto cosmopolita en que se inserta.\u00a0 Desde la reflexi\u00f3n estrat\u00e9gica, el Plan Morelia NExT delinear\u00e1 pautas, ideas y proyectos dinamizadores para el desarrollo futuro de nuestro municipio.<\/p>\n<p>El involucramiento de las instituciones, entidades y grupos sociales es un aspecto b\u00e1sico para el \u00e9xito de esta estrategia.\u00a0 La participaci\u00f3n debe formar parte de este esfuerzo para que su orientaci\u00f3n, objetivos y enfoque respondan adecuadamente a las aspiraciones, criterios y prioridades de la sociedad moreliana.\u00a0 En este sentido, se considera relevante incorporar la visi\u00f3n y opiniones de la sociedad moreliana, a trav\u00e9s de la participaci\u00f3n como parte fundamental del Foro Morelia NExT, cuyo papel ser\u00e1 clave en este proceso.<\/p>\n<p>Morelia NExT constituye un instrumento innovador para definir con visi\u00f3n estrat\u00e9gica las iniciativas y proyectos clave, capaces de impulsar la nueva etapa de cambios y transformaciones urbanas de Morelia, en un contexto globalizado, abierto y competitivo.<br \/>\nAsimismo, permitir\u00e1 definir el futuro del municipio de forma participativa y desde una perspectiva que integra objetivos de competitividad econ\u00f3mica, cohesi\u00f3n social y sostenibilidad ambiental y cultural.<br \/>\nProporcionar\u00e1 un impulso a la innovaci\u00f3n territorial y al reto de formular respuestas coherentes hacia el equilibrio entre el desarrollo econ\u00f3mico, la igualdad social, la calidad de vida y la preservaci\u00f3n ambiental y cultural del territorio.<\/p>\n<p><strong>SOBRE LA FUNDACI\u00d3N METR\u00d3POLI:<\/strong><\/p>\n<p>La Fundaci\u00f3n Metr\u00f3poli es una instituci\u00f3n internacional con sede en Madrid, Espa\u00f1a, cuyo objetivo es contribuir a la innovaci\u00f3n y al desarrollo de las ciudades y los territorios.\u00a0 Est\u00e1 orientada a la creaci\u00f3n y difusi\u00f3n de innovaciones con el objetivo de construir un futuro sostenible y aspira a ser un catalizador para la colaboraci\u00f3n del sector p\u00fablico y privado en la construcci\u00f3n de las ciudades y los territorios del siglo XXI.<\/p>\n<p>Las actividades de la Fundaci\u00f3n Metr\u00f3poli giran en torno a 3 ejes sin\u00e9rgicos de actuaci\u00f3n que permiten impulsar un Ecosistema de Innovaci\u00f3n en ciudades y territorios centrado en tres ejes:<br \/>\na.\u00a0\u00a0\u00a0\u00a0\u00a0\u00a0\u00a0\u00a0 Contribuir a la creaci\u00f3n de conocimiento y a la difusi\u00f3n de ideas para la mejora de las ciudades y territorios.<br \/>\nb.\u00a0\u00a0\u00a0\u00a0\u00a0\u00a0\u00a0\u00a0 Prestar servicios profesionales de alto perfil a gobiernos nacionales o a ciudades.\u00a0 El objetivo es tener un gran impacto en la transformaci\u00f3n creativa de los territorios ayudando en su dise\u00f1o de futuro.<br \/>\nc.\u00a0\u00a0\u00a0\u00a0\u00a0\u00a0\u00a0\u00a0 Innovar en el \u00e1mbito de soluciones urbanas en colaboraci\u00f3n con socios estrat\u00e9gicos, lo que permite tener una aplicaci\u00f3n real con la capacidad tecnol\u00f3gica y financiera para su implementaci\u00f3n.<\/p>\n<p>FM trabaja con algunos territorios y ciudades que est\u00e1n trabajando en dise\u00f1ar su mejor posicionamiento hacia el futuro en un contexto global, competitivo y cambiante.\u00a0 Los Territorios Inteligentes son aquellos capaces de definir un Proyecto de Futuro a partir de sus componentes de excelencia.<\/p>\n<p>El objetivo de esta intervenci\u00f3n en Morelia es identificar sus ventajas competitivas y mostrar los factores de \u00e9xito y las principales innovaciones urbanas que se est\u00e1n desarrollando, especialmente aquellas que inciden en la forma f\u00edsica de la ciudad y en la estructura de la regi\u00f3n metropolitana.\u00a0 El Proyecto pretende impulsar la creaci\u00f3n de una Red Global de Excelencia que permita fomentar la innovaci\u00f3n y la transferencia de experiencias entre Morelia y otras ciudades participantes.<\/p>\n<p>Las CLAVES de FUNDACI\u00d3N METR\u00d3POLI en este proceso:<\/p>\n<p>1.\u00a0\u00a0\u00a0\u00a0\u00a0\u00a0\u00a0\u00a0\u00a0\u00a0\u00a0 FM ha identificado en sus investigaciones previas de referencia el potencial de la ciudad de Morelia como espacio estrat\u00e9gico para la mejora de la competitividad de Michoac\u00e1n y de la regi\u00f3n del baj\u00edo.<br \/>\n2.\u00a0\u00a0\u00a0\u00a0\u00a0\u00a0\u00a0\u00a0\u00a0\u00a0\u00a0 FM aporta metodolog\u00edas de trabajo que integran el dise\u00f1o f\u00edsico del territorio a diferentes escalas y la detecci\u00f3n de proyectos estrat\u00e9gicos para acelerar la competitividad territorial.<br \/>\n3.\u00a0\u00a0\u00a0\u00a0\u00a0\u00a0\u00a0\u00a0\u00a0\u00a0\u00a0 FM dispone de una metodolog\u00eda \u00fanica orientada a definir y dise\u00f1ar Proyectos Estrat\u00e9gicos articulados, consensuados y orientados a su implementaci\u00f3n.<br \/>\n4.\u00a0\u00a0\u00a0\u00a0\u00a0\u00a0\u00a0\u00a0\u00a0\u00a0\u00a0 La misi\u00f3n de FM es colaborar con el sector p\u00fablico y privado en la aplicaci\u00f3n de la filosof\u00eda y metodolog\u00edas de trabajo conocidas como \u201cTerritorios Inteligentes\u201d.<br \/>\n5.\u00a0\u00a0\u00a0\u00a0\u00a0\u00a0\u00a0\u00a0\u00a0\u00a0\u00a0 FM integra equipos de profesionales y redes de conocimiento con formaci\u00f3n internacional en los campos de planificaci\u00f3n urbana y regional, dise\u00f1o urbano, arquitectura, plataformas digitales, ecolog\u00eda, ingenier\u00eda ambiental, transporte, econom\u00eda, sociolog\u00eda, etc.\u00a0 Se configura como un equipo profesional muy operativo con capacidad para integrar diversas aportaciones en relaci\u00f3n con el dise\u00f1o y formalizaci\u00f3n de proyectos complejos en el territorio.<\/p><\/div>\n<p>&nbsp;<\/p>\n","protected":false},"excerpt":{"rendered":"<p>El H. Ayuntamiento de Morelia a trav\u00e9s del Instituto Municipal de Planeaci\u00f3n (IMPLAN) ha iniciado el Plan de Gran Visi\u00f3n para nuestro municipio, que se ha denominado \u201cMorelia NExT\u201d, <\/p>\n","protected":false},"author":1,"featured_media":17920,"comment_status":"open","ping_status":"open","sticky":false,"template":"","format":"standard","meta":{"footnotes":""},"categories":[14,9],"tags":[],"class_list":["post-17918","post","type-post","status-publish","format-standard","has-post-thumbnail","hentry","category-destacadas","category-morelia"],"_links":{"self":[{"href":"https:\/\/radiowebmx.com\/nota\/wp-json\/wp\/v2\/posts\/17918","targetHints":{"allow":["GET"]}}],"collection":[{"href":"https:\/\/radiowebmx.com\/nota\/wp-json\/wp\/v2\/posts"}],"about":[{"href":"https:\/\/radiowebmx.com\/nota\/wp-json\/wp\/v2\/types\/post"}],"author":[{"embeddable":true,"href":"https:\/\/radiowebmx.com\/nota\/wp-json\/wp\/v2\/users\/1"}],"replies":[{"embeddable":true,"href":"https:\/\/radiowebmx.com\/nota\/wp-json\/wp\/v2\/comments?post=17918"}],"version-history":[{"count":2,"href":"https:\/\/radiowebmx.com\/nota\/wp-json\/wp\/v2\/posts\/17918\/revisions"}],"predecessor-version":[{"id":17922,"href":"https:\/\/radiowebmx.com\/nota\/wp-json\/wp\/v2\/posts\/17918\/revisions\/17922"}],"wp:featuredmedia":[{"embeddable":true,"href":"https:\/\/radiowebmx.com\/nota\/wp-json\/wp\/v2\/media\/17920"}],"wp:attachment":[{"href":"https:\/\/radiowebmx.com\/nota\/wp-json\/wp\/v2\/media?parent=17918"}],"wp:term":[{"taxonomy":"category","embeddable":true,"href":"https:\/\/radiowebmx.com\/nota\/wp-json\/wp\/v2\/categories?post=17918"},{"taxonomy":"post_tag","embeddable":true,"href":"https:\/\/radiowebmx.com\/nota\/wp-json\/wp\/v2\/tags?post=17918"}],"curies":[{"name":"wp","href":"https:\/\/api.w.org\/{rel}","templated":true}]}}