{"id":17858,"date":"2015-09-09T10:22:36","date_gmt":"2015-09-09T15:22:36","guid":{"rendered":"https:\/\/radiowebmx.com\/nota\/?p=17858"},"modified":"2015-09-09T10:22:36","modified_gmt":"2015-09-09T15:22:36","slug":"los-sistemas-dif-nacional-y-michoacan-firman-convenio-a-favor-de-la-ninez-del-estado","status":"publish","type":"post","link":"https:\/\/radiowebmx.com\/nota\/los-sistemas-dif-nacional-y-michoacan-firman-convenio-a-favor-de-la-ninez-del-estado\/","title":{"rendered":"LOS SISTEMAS DIF NACIONAL Y MICHOAC\u00c1N FIRMAN CONVENIO A FAVOR DE LA NI\u00d1EZ DEL ESTADO"},"content":{"rendered":"<p>Con el objetivo de velar por el inter\u00e9s superior del menor con los principios de transparencia y rendici\u00f3n de cuentas,<b> <\/b>el Sistema Nacional para el Desarrollo Integral de la Familia y el DIF Michoac\u00e1n, que preside Catherine Ettinger de Jara, establecieron un convenio de colaboraci\u00f3n mediante el cual se brindar\u00e1 informaci\u00f3n oportuna y veraz de los Centros de Atenci\u00f3n Infantil que prestan servicios a la poblaci\u00f3n infantil en el estado.<\/p>\n<p>Jes\u00fas Ant\u00f3n de la Concha, Oficial Mayor del DIF Nacional, celebr\u00f3 el convenio colaborativo con Mariana Sosa Olmeda, directora general del DIF Michoac\u00e1n; con este acuerdo, la dependencia estatal se compromete a brindar informaci\u00f3n para el Registro Nacional de los Centros de Atenci\u00f3n Infantil (RENCAI), basada en los lineamientos generales de la Ley General de Prestaciones de Servicios para la Atenci\u00f3n, Cuidado y Desarrollo Integral Infantil.<\/p>\n<p>&nbsp;<\/p>\n<p>El concentrar informaci\u00f3n de los Centros de Atenci\u00f3n Infantil de los sectores p\u00fablico y privado, adem\u00e1s de guarder\u00edas y estancias infantiles de los gobiernos estatal y federal; debe orientarse a los principios de m\u00e1xima publicidad, transparencia y legalidad, en cumplimiento de las disposiciones en materia de rendici\u00f3n de cuentas.<\/p>\n<p>&nbsp;<\/p>\n<p>Bajo estas normas para conformar el RENCAI, es necesario que el Sistema DIF Michoac\u00e1n proporcione al DIF Nacional la siguiente informaci\u00f3n: nombre completo del Centro de Atenci\u00f3n Infantil, fecha de inicio de operaciones, estatus (en el caso de actualizaci\u00f3n semestral se\u00f1alar si est\u00e1 activo, inactivo o se dio de baja), turno, modalidad (p\u00fablico, privado o mixto), \u00e1mbito (federal o estatal), registro estatal, dependencias, modelo de atenci\u00f3n, capacidad instalada, capacidad ocupada, detalle de poblaci\u00f3n por g\u00e9nero (femenino o masculino), direcci\u00f3n completa, detalle de poblaci\u00f3n por rango de edad, nombre del responsable del Centro de Atenci\u00f3n Infantil, CURP del responsable del Centro de Atenci\u00f3n Infantil, personas laborando en el Centro de Atenci\u00f3n Infantil, atenci\u00f3n a ni\u00f1os con discapacidad, si cuenta con asociaciones de padres de familia, si cuenta con programa interno de Protecci\u00f3n Civil y dependencia que orden\u00f3 el dictamen de Protecci\u00f3n Civil.<\/p>\n<p>En lo subsecuente, el Sistema DIF Michoac\u00e1n se compromete a rendir un informe cada seis meses en caso de que hubiera alguna modificaci\u00f3n en alg\u00fan Centro de Atenci\u00f3n Infantil; as\u00ed mismo, los registros nuevos de los Centros deber\u00e1n ser notificados al RENCAI dentro de los siguientes 20 d\u00edas h\u00e1biles a que se hayan realizado los mismos.<\/p>\n<p>Con estas acciones, el Sistema DIF Michoac\u00e1n logra un compromiso m\u00e1s, el de la transparencia, pactado durante la actual administraci\u00f3n estatal y refrenda su responsabilidad de trabajar hasta el \u00faltimo minuto a favor de la ni\u00f1ez michoacana.<\/p>\n<p>&nbsp;<\/p>\n","protected":false},"excerpt":{"rendered":"<p>Con el objetivo de velar por el inter\u00e9s superior del menor con los principios de transparencia y rendici\u00f3n de cuentas, el Sistema Nacional para el Desarrollo Integral de la Familia y el DIF Michoac\u00e1n, que preside Catherine Ettinger de Jara,<\/p>\n","protected":false},"author":1,"featured_media":17859,"comment_status":"open","ping_status":"open","sticky":false,"template":"","format":"standard","meta":{"footnotes":""},"categories":[14,3],"tags":[],"class_list":["post-17858","post","type-post","status-publish","format-standard","has-post-thumbnail","hentry","category-destacadas","category-gobierno-del-estado-de-michoacan"],"_links":{"self":[{"href":"https:\/\/radiowebmx.com\/nota\/wp-json\/wp\/v2\/posts\/17858","targetHints":{"allow":["GET"]}}],"collection":[{"href":"https:\/\/radiowebmx.com\/nota\/wp-json\/wp\/v2\/posts"}],"about":[{"href":"https:\/\/radiowebmx.com\/nota\/wp-json\/wp\/v2\/types\/post"}],"author":[{"embeddable":true,"href":"https:\/\/radiowebmx.com\/nota\/wp-json\/wp\/v2\/users\/1"}],"replies":[{"embeddable":true,"href":"https:\/\/radiowebmx.com\/nota\/wp-json\/wp\/v2\/comments?post=17858"}],"version-history":[{"count":1,"href":"https:\/\/radiowebmx.com\/nota\/wp-json\/wp\/v2\/posts\/17858\/revisions"}],"predecessor-version":[{"id":17860,"href":"https:\/\/radiowebmx.com\/nota\/wp-json\/wp\/v2\/posts\/17858\/revisions\/17860"}],"wp:featuredmedia":[{"embeddable":true,"href":"https:\/\/radiowebmx.com\/nota\/wp-json\/wp\/v2\/media\/17859"}],"wp:attachment":[{"href":"https:\/\/radiowebmx.com\/nota\/wp-json\/wp\/v2\/media?parent=17858"}],"wp:term":[{"taxonomy":"category","embeddable":true,"href":"https:\/\/radiowebmx.com\/nota\/wp-json\/wp\/v2\/categories?post=17858"},{"taxonomy":"post_tag","embeddable":true,"href":"https:\/\/radiowebmx.com\/nota\/wp-json\/wp\/v2\/tags?post=17858"}],"curies":[{"name":"wp","href":"https:\/\/api.w.org\/{rel}","templated":true}]}}