{"id":17825,"date":"2015-09-08T11:44:10","date_gmt":"2015-09-08T16:44:10","guid":{"rendered":"https:\/\/radiowebmx.com\/nota\/?p=17825"},"modified":"2015-09-08T11:44:10","modified_gmt":"2015-09-08T16:44:10","slug":"codigo-familiar-de-michoacan-salvaguarda-a-la-familia-como-institucion-central-de-la-sociedad-laura-gonzalez-martinez","status":"publish","type":"post","link":"https:\/\/radiowebmx.com\/nota\/codigo-familiar-de-michoacan-salvaguarda-a-la-familia-como-institucion-central-de-la-sociedad-laura-gonzalez-martinez\/","title":{"rendered":"C\u00f3digo Familiar de Michoac\u00e1n salvaguarda a la familia como instituci\u00f3n central de la sociedad: Laura Gonz\u00e1lez Mart\u00ednez"},"content":{"rendered":"<p>Michoac\u00e1n contar\u00e1 con un C\u00f3digo familiar que tiene como principal objetivo salvaguardar y preservar el bienestar de los integrantes de las familias michoacanas, bajo la premisa del respeto en la conformaci\u00f3n de las mismas, as\u00ed lo expres\u00f3 la diputada Laura Gonz\u00e1lez Coordinadora del Grupo Parlamentario del Partido Acci\u00f3n Nacional.<\/p>\n<p>Lo anterior, luego de que el pleno del Congreso del Estado aprob\u00f3 por unanimidad el dictamen mediante el cual se expide el C\u00f3digo Familiar de Michoac\u00e1n, mismo que fue presentado por las Comisiones Unidas de Justicia y Derechos Humanos.<\/p>\n<p>En este contexto, la diputada presidenta de la Comisi\u00f3n de Derechos Humanos en el Congreso del Estado se\u00f1al\u00f3 que la aprobaci\u00f3n del esta nueva normativa es de suma importancia para la sociedad michoacana, ya que implementa figuras legales relevantes, dejando como centro la familia, instituci\u00f3n reconocida por un conjunto de personas unidas por el v\u00ednculo jur\u00eddico del matrimonio, as\u00ed como sociedad de convivencia, por concubinato y por el parentesco por consanguinidad, adopci\u00f3n o afinidad, dando protecci\u00f3n jur\u00eddica a todos y cada uno de estos tipos de familia.<\/p>\n<p>\u201cEstas tres formas planteadas en el C\u00f3digo otorga el derecho y libertad de elegir a cada michoacano la modalidad que mejor sea de su beneficio y complacencia, siempre con que sea con respeto, ya que el respeto implica respeto, es decir, que se ejerzan mis derechos sin que se excluya los derechos de terceros\u201d, se\u00f1al\u00f3 la parlamentaria albiazul.<\/p>\n<p>Asimismo, destac\u00f3 que otra de las virtudes de dicha normativa es la incorporaci\u00f3n de la oralidad implementada en los juicios familiares, acordes con el Nuevo sistema de Justicia Penal implementado en el pa\u00eds, as\u00ed como la creaci\u00f3n del juez de instrucci\u00f3n, el juez oral y la nueva forma en los procedimientos relativos a estas figuras, \u201clo que garantizar\u00e1 que los asuntos sean atendidos de forma m\u00e1s expedita y eficiente, logrando una reducci\u00f3n de rezago y paralizaci\u00f3n en procesos familiares\u201d, expres\u00f3.<\/p>\n<p>Finalmente, Gonz\u00e1lez Mart\u00ednez resalt\u00f3 que este nuevo C\u00f3digo es el resultado de un consenso amplio de los diversos sectores de la sociedad, \u201ccon \u00e9l est\u00e1n de acuerdo la amplia mayor\u00eda de los michoacanos, ya que la preocupaci\u00f3n mayor que tenemos los legisladores sobre este tema es que podamos contar con un marco normativo que sea acorde con la realidad social de las familias en el Estado\u201d, concluy\u00f3.<\/p>\n","protected":false},"excerpt":{"rendered":"<p>Michoac\u00e1n contar\u00e1 con un C\u00f3digo familiar que tiene como principal objetivo salvaguardar y preservar el bienestar de los integrantes de las familias michoacanas, bajo la premisa del respeto en la conformaci\u00f3n de las mismas, <\/p>\n","protected":false},"author":1,"featured_media":17826,"comment_status":"open","ping_status":"open","sticky":false,"template":"","format":"standard","meta":{"footnotes":""},"categories":[6,14,8],"tags":[],"class_list":["post-17825","post","type-post","status-publish","format-standard","has-post-thumbnail","hentry","category-congreso-del-estado","category-destacadas","category-grupo-parlamentario-del-pan"],"_links":{"self":[{"href":"https:\/\/radiowebmx.com\/nota\/wp-json\/wp\/v2\/posts\/17825","targetHints":{"allow":["GET"]}}],"collection":[{"href":"https:\/\/radiowebmx.com\/nota\/wp-json\/wp\/v2\/posts"}],"about":[{"href":"https:\/\/radiowebmx.com\/nota\/wp-json\/wp\/v2\/types\/post"}],"author":[{"embeddable":true,"href":"https:\/\/radiowebmx.com\/nota\/wp-json\/wp\/v2\/users\/1"}],"replies":[{"embeddable":true,"href":"https:\/\/radiowebmx.com\/nota\/wp-json\/wp\/v2\/comments?post=17825"}],"version-history":[{"count":1,"href":"https:\/\/radiowebmx.com\/nota\/wp-json\/wp\/v2\/posts\/17825\/revisions"}],"predecessor-version":[{"id":17827,"href":"https:\/\/radiowebmx.com\/nota\/wp-json\/wp\/v2\/posts\/17825\/revisions\/17827"}],"wp:featuredmedia":[{"embeddable":true,"href":"https:\/\/radiowebmx.com\/nota\/wp-json\/wp\/v2\/media\/17826"}],"wp:attachment":[{"href":"https:\/\/radiowebmx.com\/nota\/wp-json\/wp\/v2\/media?parent=17825"}],"wp:term":[{"taxonomy":"category","embeddable":true,"href":"https:\/\/radiowebmx.com\/nota\/wp-json\/wp\/v2\/categories?post=17825"},{"taxonomy":"post_tag","embeddable":true,"href":"https:\/\/radiowebmx.com\/nota\/wp-json\/wp\/v2\/tags?post=17825"}],"curies":[{"name":"wp","href":"https:\/\/api.w.org\/{rel}","templated":true}]}}