{"id":17754,"date":"2015-09-03T11:45:29","date_gmt":"2015-09-03T16:45:29","guid":{"rendered":"https:\/\/radiowebmx.com\/nota\/?p=17754"},"modified":"2015-09-03T11:45:29","modified_gmt":"2015-09-03T16:45:29","slug":"presenta-museo-historico-del-poder-judicial-de-michoacan-exposicion-alusiva-a-los-simbolos-patrios","status":"publish","type":"post","link":"https:\/\/radiowebmx.com\/nota\/presenta-museo-historico-del-poder-judicial-de-michoacan-exposicion-alusiva-a-los-simbolos-patrios\/","title":{"rendered":"Presenta Museo Hist\u00f3rico del Poder Judicial de Michoac\u00e1n exposici\u00f3n alusiva a los s\u00edmbolos patrios"},"content":{"rendered":"<p>El Poder Judicial de Michoac\u00e1n, a trav\u00e9s de su Museo Hist\u00f3rico, se une a las fiestas del mes de septiembre con la exposici\u00f3n: <i>Los S\u00edmbolos Patrios Nacionales. El escudo, la bandera y el himno<\/i>,<i> <\/i>disponible del 2 al 18 de septiembre.<\/p>\n<p>&nbsp;<\/p>\n<p>Rita Mar\u00eda Hern\u00e1ndez Hern\u00e1ndez, responsable del Archivo y Museo Hist\u00f3rico, coment\u00f3 que la exhibici\u00f3n se presenta por quinto a\u00f1o consecutivo en el museo y est\u00e1 dirigida a escuelas primarias y p\u00fablico en general. \u201cA trav\u00e9s de la muestra queremos invitar a la reflexi\u00f3n sobre nuestra Independencia y la importancia hist\u00f3rica de los s\u00edmbolos patrios\u201d, enfatiz\u00f3.<\/p>\n<p>&nbsp;<\/p>\n<p>En la exposici\u00f3n se da cuenta de los cambios y evoluci\u00f3n que ha tenido tanto la bandera como el escudo y adem\u00e1s se proyecta un video que relata la historia y origen del himno nacional.<\/p>\n<p>&nbsp;<\/p>\n<p>Rita Hern\u00e1ndez se\u00f1al\u00f3 que aunado a lo anterior los visitantes podr\u00e1n enriquecer su conocimiento sobre el movimiento independentista por medio de litograf\u00edas e im\u00e1genes del siglo XIX de Jos\u00e9 Mar\u00eda Morelos y Miguel Hidalgo.<\/p>\n<p>&nbsp;<\/p>\n<p>La exposici\u00f3n<i> Los S\u00edmbolos Patrios Nacionales: el escudo, la bandera y el himno <\/i>estar\u00e1 disponible hasta el 18 de septiembre, en horarios de 9:30 de la ma\u00f1ana a 6 de la tarde con entrada libre en Portal Allende No. 267, en el Centro Hist\u00f3rico de Morelia.<\/p>\n<p>&nbsp;<\/p>\n<p>Para conocer la oferta de exposiciones permanentes y temporales, as\u00ed como otros servicios que presta el Museo, se puede visitar la p\u00e1gina web de la instituci\u00f3n: <a href=\"http:\/\/www.poderjudicialmichoacan.gob.mx\/web\/museohistorico\/principal.aspx\">http:\/\/www.poderjudicialmichoacan.gob.mx\/web\/museohistorico\/principal.aspx<\/a><\/p>\n<p>&nbsp;<\/p>\n<p>De esta forma, el Poder Judicial de Michoac\u00e1n a trav\u00e9s del Museo Hist\u00f3rico fomenta el v\u00ednculo entre la ciudadan\u00eda con la historia de la entidad.<\/p>\n","protected":false},"excerpt":{"rendered":"<p>El Poder Judicial de Michoac\u00e1n, a trav\u00e9s de su Museo Hist\u00f3rico, se une a las fiestas del mes de septiembre con la exposici\u00f3n: Los S\u00edmbolos Patrios Nacionales. El escudo, la bandera y el himno, disponible del 2 al 18 de septiembre.<\/p>\n","protected":false},"author":1,"featured_media":17755,"comment_status":"open","ping_status":"open","sticky":false,"template":"","format":"standard","meta":{"footnotes":""},"categories":[14,3],"tags":[],"class_list":["post-17754","post","type-post","status-publish","format-standard","has-post-thumbnail","hentry","category-destacadas","category-gobierno-del-estado-de-michoacan"],"_links":{"self":[{"href":"https:\/\/radiowebmx.com\/nota\/wp-json\/wp\/v2\/posts\/17754","targetHints":{"allow":["GET"]}}],"collection":[{"href":"https:\/\/radiowebmx.com\/nota\/wp-json\/wp\/v2\/posts"}],"about":[{"href":"https:\/\/radiowebmx.com\/nota\/wp-json\/wp\/v2\/types\/post"}],"author":[{"embeddable":true,"href":"https:\/\/radiowebmx.com\/nota\/wp-json\/wp\/v2\/users\/1"}],"replies":[{"embeddable":true,"href":"https:\/\/radiowebmx.com\/nota\/wp-json\/wp\/v2\/comments?post=17754"}],"version-history":[{"count":1,"href":"https:\/\/radiowebmx.com\/nota\/wp-json\/wp\/v2\/posts\/17754\/revisions"}],"predecessor-version":[{"id":17756,"href":"https:\/\/radiowebmx.com\/nota\/wp-json\/wp\/v2\/posts\/17754\/revisions\/17756"}],"wp:featuredmedia":[{"embeddable":true,"href":"https:\/\/radiowebmx.com\/nota\/wp-json\/wp\/v2\/media\/17755"}],"wp:attachment":[{"href":"https:\/\/radiowebmx.com\/nota\/wp-json\/wp\/v2\/media?parent=17754"}],"wp:term":[{"taxonomy":"category","embeddable":true,"href":"https:\/\/radiowebmx.com\/nota\/wp-json\/wp\/v2\/categories?post=17754"},{"taxonomy":"post_tag","embeddable":true,"href":"https:\/\/radiowebmx.com\/nota\/wp-json\/wp\/v2\/tags?post=17754"}],"curies":[{"name":"wp","href":"https:\/\/api.w.org\/{rel}","templated":true}]}}