{"id":17750,"date":"2015-09-03T11:41:37","date_gmt":"2015-09-03T16:41:37","guid":{"rendered":"https:\/\/radiowebmx.com\/nota\/?p=17750"},"modified":"2015-09-03T11:41:37","modified_gmt":"2015-09-03T16:41:37","slug":"asiste-salvador-jara-a-tercer-informe-del-presidente-enrique-pena%e2%80%8f","status":"publish","type":"post","link":"https:\/\/radiowebmx.com\/nota\/asiste-salvador-jara-a-tercer-informe-del-presidente-enrique-pena%e2%80%8f\/","title":{"rendered":"Asiste Salvador Jara a Tercer Informe del presidente Enrique Pe\u00f1a\u200f"},"content":{"rendered":"<p>El gobernador de Michoac\u00e1n, Salvador Jara Guerrero, acudi\u00f3 como invitado de honor a la ceremonia en que el presidente de M\u00e9xico, Enrique Pe\u00f1a Nieto, rindi\u00f3 ante las y los mexicanos su Tercer Informe de Gobierno. El mandatario michoacano reconoci\u00f3 el alcance que tendr\u00e1n las diez propuestas del jefe del Ejecutivo federal para lo que resta de su sexenio, que sin duda, dijo, impactar\u00e1n de manera positiva en la sociedad de nuestra entidad.<\/p>\n<p>Jara Guerrero aprovech\u00f3 el saludo al presidente de la Rep\u00fablica para agradecerle el apoyo que, sin regateos, ha dado a Michoac\u00e1n para que alcance mejores condiciones de gobernabilidad y desarrollo social.<\/p>\n","protected":false},"excerpt":{"rendered":"<p>El gobernador de Michoac\u00e1n, Salvador Jara Guerrero, acudi\u00f3 como invitado de honor a la ceremonia en que el presidente de M\u00e9xico, Enrique Pe\u00f1a Nieto, <\/p>\n","protected":false},"author":1,"featured_media":17751,"comment_status":"open","ping_status":"open","sticky":false,"template":"","format":"standard","meta":{"footnotes":""},"categories":[14,3],"tags":[],"class_list":["post-17750","post","type-post","status-publish","format-standard","has-post-thumbnail","hentry","category-destacadas","category-gobierno-del-estado-de-michoacan"],"_links":{"self":[{"href":"https:\/\/radiowebmx.com\/nota\/wp-json\/wp\/v2\/posts\/17750","targetHints":{"allow":["GET"]}}],"collection":[{"href":"https:\/\/radiowebmx.com\/nota\/wp-json\/wp\/v2\/posts"}],"about":[{"href":"https:\/\/radiowebmx.com\/nota\/wp-json\/wp\/v2\/types\/post"}],"author":[{"embeddable":true,"href":"https:\/\/radiowebmx.com\/nota\/wp-json\/wp\/v2\/users\/1"}],"replies":[{"embeddable":true,"href":"https:\/\/radiowebmx.com\/nota\/wp-json\/wp\/v2\/comments?post=17750"}],"version-history":[{"count":2,"href":"https:\/\/radiowebmx.com\/nota\/wp-json\/wp\/v2\/posts\/17750\/revisions"}],"predecessor-version":[{"id":17753,"href":"https:\/\/radiowebmx.com\/nota\/wp-json\/wp\/v2\/posts\/17750\/revisions\/17753"}],"wp:featuredmedia":[{"embeddable":true,"href":"https:\/\/radiowebmx.com\/nota\/wp-json\/wp\/v2\/media\/17751"}],"wp:attachment":[{"href":"https:\/\/radiowebmx.com\/nota\/wp-json\/wp\/v2\/media?parent=17750"}],"wp:term":[{"taxonomy":"category","embeddable":true,"href":"https:\/\/radiowebmx.com\/nota\/wp-json\/wp\/v2\/categories?post=17750"},{"taxonomy":"post_tag","embeddable":true,"href":"https:\/\/radiowebmx.com\/nota\/wp-json\/wp\/v2\/tags?post=17750"}],"curies":[{"name":"wp","href":"https:\/\/api.w.org\/{rel}","templated":true}]}}