{"id":17725,"date":"2015-09-03T10:38:32","date_gmt":"2015-09-03T15:38:32","guid":{"rendered":"https:\/\/radiowebmx.com\/nota\/?p=17725"},"modified":"2015-09-03T10:38:32","modified_gmt":"2015-09-03T15:38:32","slug":"autonomia-e-independencia-rigen-el-actuar-de-juzgadores-del-poder-judicial-de-michoacan-magana-de-la-mora","status":"publish","type":"post","link":"https:\/\/radiowebmx.com\/nota\/autonomia-e-independencia-rigen-el-actuar-de-juzgadores-del-poder-judicial-de-michoacan-magana-de-la-mora\/","title":{"rendered":"Autonom\u00eda e independencia rigen el actuar de juzgadores del Poder Judicial de Michoac\u00e1n: Maga\u00f1a de la Mora"},"content":{"rendered":"<p>\u201cLa fuerza del Poder Judicial de Michoac\u00e1n radica en la autonom\u00eda de sus jueces, juezas, magistrados y magistradas, ya que cada uno de ellos con el conocimiento de la ley, resuelve de forma aut\u00f3noma y asume la responsabilidad de sus decisiones\u201d, se\u00f1al\u00f3 Juan Antonio Maga\u00f1a de la Mora, presidente del Supremo Tribunal de Justicia y del Consejo del Poder Judicial de Michoac\u00e1n.<\/p>\n<p>&nbsp;<\/p>\n<p>Refiri\u00f3 que el Consejo del Poder Judicial es el \u00f3rgano garante de dicha autonom\u00eda de los juzgadores, y al mismo tiempo, lleva a cabo la vigilancia y disciplina de los servidores p\u00fablicos de la instituci\u00f3n.<\/p>\n<p>&nbsp;<\/p>\n<p>Para lograr lo anterior, el magistrado presidente explic\u00f3 que los consejeros realizan visitas tanto a \u00f3rganos jurisdiccionales como a \u00e1reas administrativas, a fin de revisar detalladamente lineamientos administrativos y datos estad\u00edsticos, por mencionar algunos aspectos.<\/p>\n<p>&nbsp;<\/p>\n<p>Asimismo, explic\u00f3 que si un justiciable considera que un servidor p\u00fablico realiz\u00f3 alguna actividad fuera de la norma, puede presentar su inconformidad con el sustento debido, ante el Consejo.<\/p>\n<p>&nbsp;<\/p>\n<p>Finalmente, Maga\u00f1a de la Mora puntualiz\u00f3 que tanto jueces como magistrados resuelven los asuntos que se someten a su consideraci\u00f3n, sin distingos ni privilegios, y solo remiti\u00e9ndose a lo que el expediente constata.<\/p>\n<p>&nbsp;<\/p>\n<p>As\u00ed, el Poder Judicial de Michoac\u00e1n, trabaja de manera permanente a fin de seguir consolidando una judicatura fuerte, al tiempo de garantizar que los juzgadores act\u00faen con autonom\u00eda y resuelvan conforme a Derecho.<\/p>\n<p>&nbsp;<\/p>\n<p>&nbsp;<\/p>\n","protected":false},"excerpt":{"rendered":"<p>\u201cLa fuerza del Poder Judicial de Michoac\u00e1n radica en la autonom\u00eda de sus jueces, juezas, magistrados y magistradas, ya que cada uno de ellos con el conocimiento de la ley, resuelve de forma aut\u00f3noma y asume la responsabilidad de sus decisiones\u201d, <\/p>\n","protected":false},"author":1,"featured_media":17726,"comment_status":"open","ping_status":"open","sticky":false,"template":"","format":"standard","meta":{"footnotes":""},"categories":[14,3],"tags":[],"class_list":["post-17725","post","type-post","status-publish","format-standard","has-post-thumbnail","hentry","category-destacadas","category-gobierno-del-estado-de-michoacan"],"_links":{"self":[{"href":"https:\/\/radiowebmx.com\/nota\/wp-json\/wp\/v2\/posts\/17725","targetHints":{"allow":["GET"]}}],"collection":[{"href":"https:\/\/radiowebmx.com\/nota\/wp-json\/wp\/v2\/posts"}],"about":[{"href":"https:\/\/radiowebmx.com\/nota\/wp-json\/wp\/v2\/types\/post"}],"author":[{"embeddable":true,"href":"https:\/\/radiowebmx.com\/nota\/wp-json\/wp\/v2\/users\/1"}],"replies":[{"embeddable":true,"href":"https:\/\/radiowebmx.com\/nota\/wp-json\/wp\/v2\/comments?post=17725"}],"version-history":[{"count":1,"href":"https:\/\/radiowebmx.com\/nota\/wp-json\/wp\/v2\/posts\/17725\/revisions"}],"predecessor-version":[{"id":17727,"href":"https:\/\/radiowebmx.com\/nota\/wp-json\/wp\/v2\/posts\/17725\/revisions\/17727"}],"wp:featuredmedia":[{"embeddable":true,"href":"https:\/\/radiowebmx.com\/nota\/wp-json\/wp\/v2\/media\/17726"}],"wp:attachment":[{"href":"https:\/\/radiowebmx.com\/nota\/wp-json\/wp\/v2\/media?parent=17725"}],"wp:term":[{"taxonomy":"category","embeddable":true,"href":"https:\/\/radiowebmx.com\/nota\/wp-json\/wp\/v2\/categories?post=17725"},{"taxonomy":"post_tag","embeddable":true,"href":"https:\/\/radiowebmx.com\/nota\/wp-json\/wp\/v2\/tags?post=17725"}],"curies":[{"name":"wp","href":"https:\/\/api.w.org\/{rel}","templated":true}]}}