{"id":17720,"date":"2015-09-02T13:09:14","date_gmt":"2015-09-02T18:09:14","guid":{"rendered":"https:\/\/radiowebmx.com\/nota\/?p=17720"},"modified":"2015-09-02T13:09:14","modified_gmt":"2015-09-02T18:09:14","slug":"bienestar-de-los-morelianos-nuestro-interes-supremo-alfonso-martinez","status":"publish","type":"post","link":"https:\/\/radiowebmx.com\/nota\/bienestar-de-los-morelianos-nuestro-interes-supremo-alfonso-martinez\/","title":{"rendered":"Bienestar de los morelianos, nuestro inter\u00e9s supremo: Alfonso Mart\u00ednez"},"content":{"rendered":"<p>Alfonso Mart\u00ednez Alc\u00e1zar, rindi\u00f3 protesta como alcalde de Morelia para la Administraci\u00f3n 2015-2018 y en su mensaje, se comprometi\u00f3 a cumplir con las expectativas de la ciudadan\u00eda en donde el inter\u00e9s supremo, ser\u00e1 el bienestar de los morelianos.<\/p>\n<p>Ante miles de personas reunidas en la Plaza Valladolid, el alcalde ciudadano agradeci\u00f3 el apoyo decidido de la gente, para que la capital de Michoac\u00e1n hiciera historia al ser el primer municipio en contar con un Gobierno Independiente.<\/p>\n<p>Acompa\u00f1ado del gobernador independiente electo de Nuevo Le\u00f3n, Jaime Rodr\u00edguez \u201cEl Bronco\u201d y los acaldes electos Enrique Alfaro Ram\u00edrez y Alberto Esquer Guti\u00e9rrez, de Guadalajara y Ciudad Guzm\u00e1n, respectivamente, Mart\u00ednez Alc\u00e1zar se pronunci\u00f3 a favor de promover una din\u00e1mica de trabajo en donde se privilegie la transparencia y se acaben \u201clos moches\u201d.<\/p>\n<p>Destac\u00f3 que como autoridades \u201cestamos para servir a\u00a0 la ciudad, no para servirnos\u201d e insisti\u00f3 en que en esta Administraci\u00f3n se har\u00e1 rendir el dinero de los morelianos brindando cuentas claras.<\/p>\n<p>Mart\u00ednez Alc\u00e1zar anunci\u00f3 que ya fue puesta en marcha la reingenier\u00eda del aparato de Gobierno, cuya estrategia es la eficiencia y el uso \u00f3ptimo de recursos p\u00fablicos.<\/p>\n<p>\u201cEsta tarde \u2013dijo- hago un llamado a todos los habitantes del municipio para que participen en esta Administraci\u00f3n Independiente de partidos, en la que juntos, uniendo esfuerzos y acciones, construiremos la nueva historia de Morelia\u201d.<\/p>\n<p>Exhort\u00f3 al cabildo y a las fuerzas pol\u00edticas y sociales de Morelia, a trabajar con todo el empe\u00f1o y con la convicci\u00f3n de que m\u00e1s all\u00e1 de ideolog\u00edas, \u201cse encuentra el bien de los ciudadanos, el desarrollo y la paz de los morelianos.\u201d<\/p>\n<p>A la ceremonia de protesta, acudieron autoridades del Ayuntamiento entrante y saliente, as\u00ed como ex gobernadores de Michoac\u00e1n, representantes del Gobierno estatal electo, autoridades legislativas y judiciales, as\u00ed como representantes del sector econ\u00f3mico, social y religioso.<\/p>\n","protected":false},"excerpt":{"rendered":"<p>Alfonso Mart\u00ednez Alc\u00e1zar, rindi\u00f3 protesta como alcalde de Morelia para la Administraci\u00f3n 2015-2018 y en su mensaje, se comprometi\u00f3 a cumplir con las expectativas de la ciudadan\u00eda en donde el inter\u00e9s supremo, ser\u00e1 el bienestar de los morelianos.<\/p>\n","protected":false},"author":1,"featured_media":17721,"comment_status":"open","ping_status":"open","sticky":false,"template":"","format":"standard","meta":{"footnotes":""},"categories":[14,9],"tags":[],"class_list":["post-17720","post","type-post","status-publish","format-standard","has-post-thumbnail","hentry","category-destacadas","category-morelia"],"_links":{"self":[{"href":"https:\/\/radiowebmx.com\/nota\/wp-json\/wp\/v2\/posts\/17720","targetHints":{"allow":["GET"]}}],"collection":[{"href":"https:\/\/radiowebmx.com\/nota\/wp-json\/wp\/v2\/posts"}],"about":[{"href":"https:\/\/radiowebmx.com\/nota\/wp-json\/wp\/v2\/types\/post"}],"author":[{"embeddable":true,"href":"https:\/\/radiowebmx.com\/nota\/wp-json\/wp\/v2\/users\/1"}],"replies":[{"embeddable":true,"href":"https:\/\/radiowebmx.com\/nota\/wp-json\/wp\/v2\/comments?post=17720"}],"version-history":[{"count":1,"href":"https:\/\/radiowebmx.com\/nota\/wp-json\/wp\/v2\/posts\/17720\/revisions"}],"predecessor-version":[{"id":17722,"href":"https:\/\/radiowebmx.com\/nota\/wp-json\/wp\/v2\/posts\/17720\/revisions\/17722"}],"wp:featuredmedia":[{"embeddable":true,"href":"https:\/\/radiowebmx.com\/nota\/wp-json\/wp\/v2\/media\/17721"}],"wp:attachment":[{"href":"https:\/\/radiowebmx.com\/nota\/wp-json\/wp\/v2\/media?parent=17720"}],"wp:term":[{"taxonomy":"category","embeddable":true,"href":"https:\/\/radiowebmx.com\/nota\/wp-json\/wp\/v2\/categories?post=17720"},{"taxonomy":"post_tag","embeddable":true,"href":"https:\/\/radiowebmx.com\/nota\/wp-json\/wp\/v2\/tags?post=17720"}],"curies":[{"name":"wp","href":"https:\/\/api.w.org\/{rel}","templated":true}]}}