{"id":17618,"date":"2015-08-28T10:35:42","date_gmt":"2015-08-28T15:35:42","guid":{"rendered":"https:\/\/radiowebmx.com\/nota\/?p=17618"},"modified":"2015-08-28T10:35:42","modified_gmt":"2015-08-28T15:35:42","slug":"morelia-sera-la-sede-de-la-convencion-latinoamericana-de-agencias-de-viaje","status":"publish","type":"post","link":"https:\/\/radiowebmx.com\/nota\/morelia-sera-la-sede-de-la-convencion-latinoamericana-de-agencias-de-viaje\/","title":{"rendered":"Morelia ser\u00e1 la sede de la Convenci\u00f3n Latinoamericana de Agencias de Viaje"},"content":{"rendered":"<p>El Ayuntamiento de Morelia, a trav\u00e9s de la Secretar\u00eda de Turismo municipal, dio a conocer que iniciaron los preparativos para realizar la Convenci\u00f3n Latinoamericana de la Asociaci\u00f3n Mexicana de Agencias de Viaje, que tendr\u00e1 lugar en mayo del 2016.<\/p>\n<p>&nbsp;<\/p>\n<p>El secretario de Turismo Municipal, Enrique Rivera Ruiz, asegur\u00f3 que con el impulso de eventos como \u00e9ste, se contribuye a la recuperaci\u00f3n y expansi\u00f3n de ese importante nicho de mercado al tomar como sede la capital del estado.<\/p>\n<p>&nbsp;<\/p>\n<p>Roberto Molina Gardu\u00f1o, vicepresidente de la Asociaci\u00f3n Mexicana de Agencias de Viaje en Michoac\u00e1n, asegur\u00f3 que este evento pretende generar una derrama econ\u00f3mica superior a los 15 millones de pesos y que, a su vez, estar\u00e1 conformado por 750 congresistas provenientes de todo M\u00e9xico, incluidos los pa\u00edses de Honduras, Argentina y Colombia.<\/p>\n<p>&nbsp;<\/p>\n<p>La expectativa con la realizaci\u00f3n de dicho evento es que se espera posicionar a Morelia como un destino tur\u00edstico de congresos y convenciones.<\/p>\n<p>&nbsp;<\/p>\n<p>Molina Gardu\u00f1o agradeci\u00f3 el apoyo de autoridades municipales, puesto que los agremiados a dicha asociaci\u00f3n tienen el objetivo de mostrar a Morelia como destino tur\u00edstico para desarrollar convenciones con congresistas en todo el pa\u00eds.<\/p>\n<p>&nbsp;<\/p>\n<p>La Convenci\u00f3n Latinoamericana de la Asociaci\u00f3n Mexicana de Agencias de Viaje 2016, se ha proyectado inaugurar durante la tercera semana de mayo del pr\u00f3ximo a\u00f1o.<\/p>\n","protected":false},"excerpt":{"rendered":"<p>El Ayuntamiento de Morelia, a trav\u00e9s de la Secretar\u00eda de Turismo municipal, dio a conocer que iniciaron los preparativos para realizar la Convenci\u00f3n Latinoamericana de la Asociaci\u00f3n Mexicana de Agencias de Viaje, que tendr\u00e1 lugar en mayo del 2016.<\/p>\n","protected":false},"author":1,"featured_media":17619,"comment_status":"open","ping_status":"open","sticky":false,"template":"","format":"standard","meta":{"footnotes":""},"categories":[14,9],"tags":[],"class_list":["post-17618","post","type-post","status-publish","format-standard","has-post-thumbnail","hentry","category-destacadas","category-morelia"],"_links":{"self":[{"href":"https:\/\/radiowebmx.com\/nota\/wp-json\/wp\/v2\/posts\/17618","targetHints":{"allow":["GET"]}}],"collection":[{"href":"https:\/\/radiowebmx.com\/nota\/wp-json\/wp\/v2\/posts"}],"about":[{"href":"https:\/\/radiowebmx.com\/nota\/wp-json\/wp\/v2\/types\/post"}],"author":[{"embeddable":true,"href":"https:\/\/radiowebmx.com\/nota\/wp-json\/wp\/v2\/users\/1"}],"replies":[{"embeddable":true,"href":"https:\/\/radiowebmx.com\/nota\/wp-json\/wp\/v2\/comments?post=17618"}],"version-history":[{"count":1,"href":"https:\/\/radiowebmx.com\/nota\/wp-json\/wp\/v2\/posts\/17618\/revisions"}],"predecessor-version":[{"id":17620,"href":"https:\/\/radiowebmx.com\/nota\/wp-json\/wp\/v2\/posts\/17618\/revisions\/17620"}],"wp:featuredmedia":[{"embeddable":true,"href":"https:\/\/radiowebmx.com\/nota\/wp-json\/wp\/v2\/media\/17619"}],"wp:attachment":[{"href":"https:\/\/radiowebmx.com\/nota\/wp-json\/wp\/v2\/media?parent=17618"}],"wp:term":[{"taxonomy":"category","embeddable":true,"href":"https:\/\/radiowebmx.com\/nota\/wp-json\/wp\/v2\/categories?post=17618"},{"taxonomy":"post_tag","embeddable":true,"href":"https:\/\/radiowebmx.com\/nota\/wp-json\/wp\/v2\/tags?post=17618"}],"curies":[{"name":"wp","href":"https:\/\/api.w.org\/{rel}","templated":true}]}}