{"id":17606,"date":"2015-08-27T11:58:38","date_gmt":"2015-08-27T16:58:38","guid":{"rendered":"https:\/\/radiowebmx.com\/nota\/?p=17606"},"modified":"2015-08-27T12:00:58","modified_gmt":"2015-08-27T17:00:58","slug":"atestigua-salvador-jara-presentacion-de-resultados-de-acciones-por-el-campo-del-presidente-pena-nieto","status":"publish","type":"post","link":"https:\/\/radiowebmx.com\/nota\/atestigua-salvador-jara-presentacion-de-resultados-de-acciones-por-el-campo-del-presidente-pena-nieto\/","title":{"rendered":"ATESTIGUA SALVADOR JARA PRESENTACI\u00d3N DE RESULTADOS DE ACCIONES POR EL CAMPO DEL PRESIDENTE PE\u00d1A NIETO"},"content":{"rendered":"<p>El gobernador de Michoac\u00e1n, Salvador Jara Guerrero, acudi\u00f3 al 77 Congreso Nacional Extraordinario de la Confederaci\u00f3n Nacional Campesina (CNC), en que el presidente de M\u00e9xico, Enrique Pe\u00f1a Nieto, dio a conocer los resultados de la pol\u00edtica para el agro mexicano.<\/p>\n<p>De acuerdo al mandatario federal, los esfuerzos se enfocaron en seis tareas: incentivos para la productividad; cr\u00e9ditos\u00a0para sectores agropecuario y rural; fortalecimiento de la tecnificaci\u00f3n del riego y mecanizaci\u00f3n del campo; el\u00a0Programa de Innovaci\u00f3n para el Desarrollo Tecnol\u00f3gico Aplicado; esquemas m\u00e1s eficaces en materia de\u00a0ordenamiento de mercados y administraci\u00f3n; as\u00ed como pr\u00e1cticas sanitarias e inocuidad\u00a0para ampliar el alcance de los productos mexicanos en los mercados internacionales.<\/p>\n<p>Manifest\u00f3 que en casi tres a\u00f1os de su gesti\u00f3n se ha trabajado de manera integral para imprimir un nuevo rostro al campo, a fin de hacerlo m\u00e1s competitivo y rentable, pero tambi\u00e9n m\u00e1s incluyente y con gran respeto al entorno ambiental.<\/p>\n<p>Pe\u00f1a Nieto se\u00f1al\u00f3 que los logros en el sector se ven reflejados en el dinamismo que est\u00e1 teniendo el sector agropecuario de M\u00e9xico e hizo referencia a datos del INEGI, que se\u00f1alan que en 2014, el sector primario creci\u00f3 3.2 por ciento.<\/p>\n<p>A ese respecto, es importante se\u00f1alar que Michoac\u00e1n cerr\u00f3 el a\u00f1o 2014 con un crecimiento del 9.6 por ciento en valor de las actividades agropecuarias y sobre ese tema, el gobernador Salvador Jara, record\u00f3 que tambi\u00e9n ese ejercicio fiscal, nuestra entidad \u2013por sexto a\u00f1o consecutivo- se coloc\u00f3 como l\u00edder nacional en valor de producci\u00f3n, al alcanzar los 46 mil 131 millones 014 mil pesos, en valor de producci\u00f3n con 110 productos agr\u00edcolas.<\/p>\n<p>En ese mismo tenor, Jara Guerrero opin\u00f3 que las pol\u00edticas para el campo mexicano del Gobierno de la Rep\u00fablica, s\u00ed tienen impacto en el sector primario de Michoac\u00e1n, ya que de igual manera, de acuerdo a datos de la Oficina Estatal de Informaci\u00f3n para el Desarrollo Rural Sustentable (OEIDRUS), del a\u00f1o 2010 al 2014, el valor de la producci\u00f3n en el estado increment\u00f3 a un 53 por ciento, y tan s\u00f3lo de 2013 a 2014, ese rubro aument\u00f3 16.63 por ciento.<\/p>\n<p>En ese orden de ideas, el presidente Pe\u00f1a Nieto refiri\u00f3 que al primer semestre de 2015 se reporta un incremento de 4.5 por ciento a tasa anual en sector primario; \u201cun ritmo superior al de la econom\u00eda en su conjunto\u201d.<\/p>\n<p>Por su parte, Manuel Cota Jim\u00e9nez, dirigente nacional de la CNC, quien firm\u00f3 a nombre la organizaci\u00f3n un convenio con la Financiera Nacional de Desarrollo Agropecuario, Rural, Forestal y Pesquero, para impulsar mayores cr\u00e9ditos en favor de las y los campesinos, se\u00f1al\u00f3 que con este esquema se podr\u00e1 acelerar el paso y\u00a0reafirmar el compromiso de apoyar al sector agropecuario.<\/p>\n<p>En este marco en que tambi\u00e9n particip\u00f3 en su calidad de anfitri\u00f3n el gobernador de Durango, Jorge Herrera Caldera, se coincidi\u00f3 en la convocatoria a gobiernos y productores, para apoyar una reforma al campo que contin\u00fae dando resultados y mejores niveles de vida para quienes se dedican a la actividad primaria.<\/p>\n","protected":false},"excerpt":{"rendered":"<p>El gobernador de Michoac\u00e1n, Salvador Jara Guerrero, acudi\u00f3 al 77 Congreso Nacional Extraordinario de la Confederaci\u00f3n Nacional Campesina (CNC), en que el presidente de M\u00e9xico, Enrique Pe\u00f1a Nieto, dio a conocer los resultados de la pol\u00edtica para el agro mexicano.<\/p>\n","protected":false},"author":1,"featured_media":17609,"comment_status":"open","ping_status":"open","sticky":false,"template":"","format":"standard","meta":{"footnotes":""},"categories":[14,3],"tags":[],"class_list":["post-17606","post","type-post","status-publish","format-standard","has-post-thumbnail","hentry","category-destacadas","category-gobierno-del-estado-de-michoacan"],"_links":{"self":[{"href":"https:\/\/radiowebmx.com\/nota\/wp-json\/wp\/v2\/posts\/17606","targetHints":{"allow":["GET"]}}],"collection":[{"href":"https:\/\/radiowebmx.com\/nota\/wp-json\/wp\/v2\/posts"}],"about":[{"href":"https:\/\/radiowebmx.com\/nota\/wp-json\/wp\/v2\/types\/post"}],"author":[{"embeddable":true,"href":"https:\/\/radiowebmx.com\/nota\/wp-json\/wp\/v2\/users\/1"}],"replies":[{"embeddable":true,"href":"https:\/\/radiowebmx.com\/nota\/wp-json\/wp\/v2\/comments?post=17606"}],"version-history":[{"count":3,"href":"https:\/\/radiowebmx.com\/nota\/wp-json\/wp\/v2\/posts\/17606\/revisions"}],"predecessor-version":[{"id":17608,"href":"https:\/\/radiowebmx.com\/nota\/wp-json\/wp\/v2\/posts\/17606\/revisions\/17608"}],"wp:featuredmedia":[{"embeddable":true,"href":"https:\/\/radiowebmx.com\/nota\/wp-json\/wp\/v2\/media\/17609"}],"wp:attachment":[{"href":"https:\/\/radiowebmx.com\/nota\/wp-json\/wp\/v2\/media?parent=17606"}],"wp:term":[{"taxonomy":"category","embeddable":true,"href":"https:\/\/radiowebmx.com\/nota\/wp-json\/wp\/v2\/categories?post=17606"},{"taxonomy":"post_tag","embeddable":true,"href":"https:\/\/radiowebmx.com\/nota\/wp-json\/wp\/v2\/tags?post=17606"}],"curies":[{"name":"wp","href":"https:\/\/api.w.org\/{rel}","templated":true}]}}