{"id":17603,"date":"2015-08-27T11:55:40","date_gmt":"2015-08-27T16:55:40","guid":{"rendered":"https:\/\/radiowebmx.com\/nota\/?p=17603"},"modified":"2015-08-27T11:55:40","modified_gmt":"2015-08-27T16:55:40","slug":"arranca-obra-de-mejoramiento-en-el-mercado-nicolas-bravo","status":"publish","type":"post","link":"https:\/\/radiowebmx.com\/nota\/arranca-obra-de-mejoramiento-en-el-mercado-nicolas-bravo\/","title":{"rendered":"Arranca obra de mejoramiento  en el mercado \u201cNicol\u00e1s Bravo\u201d"},"content":{"rendered":"<p>El presidente municipal de Morelia, Salvador Abud Mirabent, dio el banderazo de arranque a la obra de mejoramiento de imagen del mercado \u201cNicol\u00e1s Bravo\u201d, en la cual se aplicar\u00e1 una inversi\u00f3n federal de 11 millones de pesos.<\/p>\n<p>&nbsp;<\/p>\n<p>El alcalde asegur\u00f3 que se trata de un proyecto que permitir\u00e1 reactivar las ventas de los locatarios y preservar el inmueble, que se ubica \u00a0dentro de la zona de monumentos del Centro Hist\u00f3rico de la capital michoacana.<\/p>\n<p>&nbsp;<\/p>\n<p>En este sentido, Abud Mirabent coment\u00f3 que gracias a la gesti\u00f3n realizada ante el Consejo Nacional para la Cultura y las Artes (Conaculta), se le dio formal inicio antes del t\u00e9rmino de la presente administraci\u00f3n, pues el compromiso es no detener el arranque de las obras que tendr\u00e1n un importante impacto para los habitantes del municipio.<\/p>\n<p>&nbsp;<\/p>\n<p>Asimismo, el edil moreliano hizo un llamado a los integrantes del comit\u00e9 de la obra y a la empresa que ejecutar\u00e1 la remodelaci\u00f3n, para trabajar de manera \u00f3ptima y afectar lo menos posible el trabajo de los oferentes, que todos los d\u00edas comercializan sus productos y alimentos a los clientes.<\/p>\n<p>&nbsp;<\/p>\n<p>Al t\u00e9rmino de la ceremonia, Abud Mirabent dialog\u00f3 con los comerciantes del lugar y realiz\u00f3 un recorrido por las diversas \u00e1reas del mercado, en las que escuch\u00f3 de viva voz los planteamientos que le realizaron.<\/p>\n<p>&nbsp;<\/p>\n<p>A 40 a\u00f1os desde la fundaci\u00f3n del mercado Nicol\u00e1s Bravo, uno de los de mayor tradici\u00f3n en Morelia, Salvador Abud dio inicio a los trabajos de remozamiento, que consisten en el retiro de aplanados, ducter\u00eda y l\u00e1mina sobrecubierta en mal estado, as\u00ed como colocaci\u00f3n de instalaci\u00f3n el\u00e9ctrica y piso de mosaico de pasta.<\/p>\n<p>&nbsp;<\/p>\n<p>Durante un per\u00edodo aproximado de siete meses se realizar\u00e1n los trabajos de integraci\u00f3n y consolidaci\u00f3n de muros aplanados, barandales de herrer\u00eda, piezas faltantes y da\u00f1adas de canter\u00eda, piso antiderrapante, rehabilitaci\u00f3n de estructura y cubierta (l\u00e1mina galvanizada), pintura vin\u00edlica y esmalte en interiores y exteriores; instalaci\u00f3n el\u00e9ctrica para alumbrado contra incendio y alarmas, adem\u00e1s de sistema para rayos, contra incendios, as\u00ed como detector de humo y de temperatura.<\/p>\n<p align=\"center\"><b>\u00a0<\/b><\/p>\n<p>Al arranque asisitieron: Juan Jos\u00e9 Tavera, secretario de Obras P\u00fablicas; Romano Valencia L\u00f3pez, secretario de Servicios P\u00fablicos Municipales; Marco Aureliano Ferreyra G\u00f3mez, presidente del Comit\u00e9 de la Obra; el regidor Miguel \u00c1ngel Villegas Soto, as\u00ed como vecinos e integrantes de la Uni\u00f3n de comerciantes \u201c18 de mayo\u201d.<\/p>\n","protected":false},"excerpt":{"rendered":"<p>El presidente municipal de Morelia, Salvador Abud Mirabent, dio el banderazo de arranque a la obra de mejoramiento de imagen del mercado \u201cNicol\u00e1s Bravo\u201d, en la cual se aplicar\u00e1 una inversi\u00f3n federal de 11 millones de pesos.<\/p>\n","protected":false},"author":1,"featured_media":17604,"comment_status":"open","ping_status":"open","sticky":false,"template":"","format":"standard","meta":{"footnotes":""},"categories":[14,9],"tags":[],"class_list":["post-17603","post","type-post","status-publish","format-standard","has-post-thumbnail","hentry","category-destacadas","category-morelia"],"_links":{"self":[{"href":"https:\/\/radiowebmx.com\/nota\/wp-json\/wp\/v2\/posts\/17603","targetHints":{"allow":["GET"]}}],"collection":[{"href":"https:\/\/radiowebmx.com\/nota\/wp-json\/wp\/v2\/posts"}],"about":[{"href":"https:\/\/radiowebmx.com\/nota\/wp-json\/wp\/v2\/types\/post"}],"author":[{"embeddable":true,"href":"https:\/\/radiowebmx.com\/nota\/wp-json\/wp\/v2\/users\/1"}],"replies":[{"embeddable":true,"href":"https:\/\/radiowebmx.com\/nota\/wp-json\/wp\/v2\/comments?post=17603"}],"version-history":[{"count":1,"href":"https:\/\/radiowebmx.com\/nota\/wp-json\/wp\/v2\/posts\/17603\/revisions"}],"predecessor-version":[{"id":17605,"href":"https:\/\/radiowebmx.com\/nota\/wp-json\/wp\/v2\/posts\/17603\/revisions\/17605"}],"wp:featuredmedia":[{"embeddable":true,"href":"https:\/\/radiowebmx.com\/nota\/wp-json\/wp\/v2\/media\/17604"}],"wp:attachment":[{"href":"https:\/\/radiowebmx.com\/nota\/wp-json\/wp\/v2\/media?parent=17603"}],"wp:term":[{"taxonomy":"category","embeddable":true,"href":"https:\/\/radiowebmx.com\/nota\/wp-json\/wp\/v2\/categories?post=17603"},{"taxonomy":"post_tag","embeddable":true,"href":"https:\/\/radiowebmx.com\/nota\/wp-json\/wp\/v2\/tags?post=17603"}],"curies":[{"name":"wp","href":"https:\/\/api.w.org\/{rel}","templated":true}]}}