{"id":17556,"date":"2015-08-26T13:19:01","date_gmt":"2015-08-26T18:19:01","guid":{"rendered":"https:\/\/radiowebmx.com\/nota\/?p=17556"},"modified":"2015-08-26T13:19:01","modified_gmt":"2015-08-26T18:19:01","slug":"temas-de-cafe-360","status":"publish","type":"post","link":"https:\/\/radiowebmx.com\/nota\/temas-de-cafe-360\/","title":{"rendered":"TEMAS DE CAF\u00c9"},"content":{"rendered":"<ul>\n<li><a href=\"https:\/\/radiowebmx.com\/nota\/wp-content\/uploads\/2013\/06\/temas-de-cafe.jpg\"><img loading=\"lazy\" decoding=\"async\" class=\"alignleft size-full wp-image-2805\" alt=\"temas de cafe\" src=\"https:\/\/radiowebmx.com\/nota\/wp-content\/uploads\/2013\/06\/temas-de-cafe.jpg\" width=\"295\" height=\"171\" \/><\/a>EN LA PLAZA VALLADOLID<\/li>\n<li>SR, GODOY, \u00a1RESULTADOS!<\/li>\n<li>ANAYA, MARKO Y MADERO<\/li>\n<li>A PROTEGER LOS EMPLEOS<\/li>\n<\/ul>\n<p>Donde todo empez\u00f3 una fresca ma\u00f1ana del 18 de mayo de 1541, ah\u00ed mismo Alfonso Mart\u00ednez el primero de septiembre a las 18 horas con treinta minutos, iniciar\u00e1 una nueva era en la que fuera fundada, como Ciudad de Michoac\u00e1n, por los hispanos Alonso de Toledo, Juan de Villase\u00f1or, Luis de Le\u00f3n Romano y Juan de Alvarado con indicaciones precisas de la reyna de Espa\u00f1a,\u00a0 que se llamara Ciudad de Michoac\u00e1n, en base a la ordenanza del Virrey Antonio de Mendoza, ah\u00ed en la plaza que remodelara su abuelo, quien tambi\u00e9n fue presidente municipal de Morelia, don Alfonso Mart\u00ednez Serrano, ah\u00ed en ese lugar con elevada simbolog\u00eda, para el nuevo presidente municipal de Morelia, es donde iniciar\u00e1 su responsabilidad, como presidente municipal independiente de Morelia, ante hist\u00f3ricos edificios como el templo de San Francisco, y la vieja casona donde se ubica, la Casa de las Artesan\u00edas.<\/p>\n<p>ALFONSO CULMINA UNA ETAPA DE SU VIDA POLITICA<\/p>\n<p>As\u00ed con una ceremonia a cielo abierto, esperamos que sea una tarde agradable, con un cielo azul y transparente, Alfonso culmina e inicia una nueva etapa de su vida, porque usted sabe uno de los sue\u00f1os m\u00e1s preciados de Alfonso, ha sido ser presidente municipal de Morelia, tal vez para seguir los pasos de su ilustre abuelo, quien como le comentamos fue presidente municipal de Morelia, y ah\u00ed donde hoy es la plaza Valladolid, uno de los m\u00e1s bellos rincones de Morelia, estaba un mercado llamado precisamente de San Francisco, que originalmente fue uno de los mejores del pa\u00eds.<\/p>\n<p>Pero para mediados del siglo pasado, el mercado ya era obsoleto y hab\u00eda quedado, justo en el coraz\u00f3n de Morelia, por lo cual era necesario reubicarlo y as\u00ed se hizo, con lo cual Morelia gan\u00f3 uno de sus m\u00e1s bellos rincones, la\u00a0 Plaza Valladolid\u00a0 y es que as\u00ed se llam\u00f3 hasta febrero de 1545, porque Ciudad de Michoac\u00e1n se le llamaba a P\u00e1tzcuaro, que era la capital de la provincia, as\u00ed fue que la hoy Morelia, se llam\u00f3 Valladolid\u00a0 en honor\u00a0 de los reyes de Espa\u00f1a, posteriormente se le cambi\u00f3 el nombre y se llama Morelia, en honor a Jos\u00e9 Mar\u00eda Morelos y Pav\u00f3n.<\/p>\n<p>ALFONSO AMA A MORELIA, \u00bfPODRA CON SUS PROBLEMAS?<\/p>\n<p>No hay duda que Alfonso Mart\u00ednez ama a Morelia, la duda es si podr\u00e1 con los graves problemas que tiene la ciudad, en varios aspectos y es que aunque es una ciudad joven, comparada con las europeas, asi\u00e1ticas y no se diga con las africanas, Morelia sufre de graves problemas, desde los\u00a0 baches que son\u00a0 agravados por las fuertes lluvias, hasta las inundaciones cada vez que llueve m\u00e1s o menos fuerte, la red\u00a0 vieja del agua potable, en fin Alfonso recibir\u00e1 una ciudad con problemas, que no ser\u00e1n solucionados aunque Alfonso, se mantenga en la presidencia dos o tres reelecciones. De cualquier modo se le desea lo mejor.<\/p>\n<p>SE\u00d1OR MARTIN GODOY, QUEREMOS RESULTADOS<\/p>\n<p>Siguen los enfrentamientos\u00a0 en el interior del estado, en Morelia siguen los asaltos a bancos, tiendas, robo de autos y casas, por lo cual ya estuvo bien de declaraciones, de que los conoce, sabe qui\u00e9nes son, y que ir\u00e1 por ellos, as\u00ed que manos a la obra se\u00f1or procurador, desde luego ahora\u00a0 la ciudadan\u00eda le exigir\u00e1 m\u00e1s, porque usted presume que sabe muy bien, c\u00f3mo est\u00e1 la situaci\u00f3n en este aspecto, as\u00ed que ya no queremos declaraciones, ahora queremos hechos, acci\u00f3n y resultados.<\/p>\n<p>VENTANILLA PARA ASALTOS EN EL BANAMEX<\/p>\n<p>Mire usted desde luego que es broma, pero en la sucursal Banamex que est\u00e1 a la salida a Charo\u00a0 sobre la calzada Madero, ya la han asaltado por lo menos hasta en cinco ocasiones, por lo cual les recomendar\u00edamos al gerente, \u00a0que para evitarse mayores problema, ya instale una ventanilla exclusiva para los asaltos, y no causen problemas a los cuentahabientes, porque tantos asaltos desde luego pueden asustar, y ahuyentar a la clientela.<\/p>\n<p>JAVIER MALDONADO, A PROTEGER LOS EMPLEOS<\/p>\n<p>Obviamente Javier Maldonado dirigente sindical, de una de las expresiones de la Secretar\u00eda de Salud, exige tanto al gobernador electo Silvano Aureoles, como al presidente municipal electo, que asumir\u00e1 su responsabilidad en unos d\u00edas m\u00e1s, que deben proteger el empleo porque ese es uno, de los graves problemas de Morelia y del estado, por muchas razones no hay empleos de calidad y cantidad, por lo cual en cada relevo hay temor, de quienes pueden salir y quedar cesantes.<\/p>\n<p>La cesant\u00eda\u00a0 produce muchos problemas sociales, porque no necesariamente\u00a0 todos los que no tiene trabajo, se convierten en delincuentes desde luego que no, pero si puede ser detonante para varios casos, que al no tener los satisfactores necesarios, se integran a la delincuencia\u00a0 desorganizada, por lo cual un factor a cuidar desde luego es, \u00a0no provocar el desempleo,\u00a0 por eso Javier Maldonado sugiere que sea removido, el personal estrictamente necesario, al fin y al cabo la gente que sabe y trabaja, es la que ocupa cargos de jefes de departamento para abajo, mientras que los titulares de las dependencias, y los sub y hasta director y subdirector, pol\u00edticamente deber\u00e1n irse.<\/p>\n<p>DEBE GOBERNAR PRINCIPALMENTE CON MICHOACANOS<\/p>\n<p>Donde seguramente Silvano no podr\u00e1 acatar, la sugerencia de este l\u00edder sindical, es que le recomienda que debe gobernar principalmente, con michoacanos como lo prometi\u00f3 cuando dijo que los problemas, de Michoac\u00e1n ser\u00edan solucionados por los michoacanos. Aparte Javier Maldonado record\u00f3 que el PRD, partido que apoy\u00f3 a Silvano es de izquierda\u00a0 de vocaci\u00f3n humana, por lo cual no debe provocar desempleo, al contrario generar\u00a0 suficientes empleos para los michoacanos.<\/p>\n<p>EN APATZINGAN NO SE QUIEREN IR DEL AYUNTAMIENTO<\/p>\n<p>El trabajo es un derecho constitucional, por lo cual la persona que desempe\u00f1a un trabajo, en los ayuntamientos tienen derechos adquiridos, aunque sean de confianza y cuando llega una nueva administraci\u00f3n, y procede a despedir a la mayor\u00eda, viola el derecho de las personas, por eso la mayor\u00eda de los ayuntamientos, tienen deudas porque los trabajadores los demandaron, y les deben dinero por los despidos injustificados.<\/p>\n<p>As\u00ed igual en los ayuntamientos se deben ir, quienes tienen que irse, por ejemplo en Apatzing\u00e1n amenaza a C\u00e9sar Ch\u00e1vez, de que no podr\u00e1 remover a la mayor\u00eda del personal, y lo justo es que debe haber renovaci\u00f3n, en la administraci\u00f3n y los titulares, de las diversas dependencias del ayuntamiento tienen que irse, aunque tengan poco tiempo, ya que\u00a0 muchos llegaron con la nueva administraci\u00f3n municipal, ya que el original alcalde Uriel Ch\u00e1vez, se encuentra detenido.<\/p>\n<p>MICHOACAN DE ESPALDAS AL MAR<\/p>\n<p>Siempre nos ha llamado la atenci\u00f3n, que Michoac\u00e1n con sus m\u00e1s de 200 kil\u00f3metros de playas, de las mejores del pa\u00eds \u00a0no tenga desarrollos dignos, del alto turismo tiene enramadas y hoteles decorosos, desde luego que s\u00ed pero nada que se parezca por ejemplo a Acapulco, \u00a0Huatulco, Ixtapa-Zihuatanejo, \u00a0Mazatl\u00e1n o Manzanillo, solamente Michoac\u00e1n\u00a0 no cuenta con estos desarrollos, que aprovechen las excelentes playas, sabemos que la tenencia de la tierra es un problema, pero se debe buscar una participaci\u00f3n de los ind\u00edgenas, para no dejarlos fuera del desarrollo de estas playas. Se debe buscar la mejor manera de aprovechar estas bellezas.<\/p>\n<p>RICARDO ANAYA, MARKO CORTES Y MADERO<\/p>\n<p>Estamos seguros que este tr\u00edo\u00a0 pol\u00edtico azul, no se ha roto al contrario, se fortaleci\u00f3 al no ir Madero como coordinador, porque tendr\u00e1 mucho desgaste, ante eso se ir\u00e1 a una zona de confort, para esperar los tiempos y buscar la candidatura, a la presidencia de la rep\u00fablica, por otra parte tambi\u00e9n estamos seguros que la alianza, Navarrete-Madero se acab\u00f3 porque ahora la alianza que se necesita, para detener a Amlo, es entre el PRI y el PAN.<\/p>\n<p>MANLIO, EL BRONCO, SILVANO Y ANAYA VS AMLO<\/p>\n<p>No dudamos que las indicaciones de crear este frente contra Amlo, provenga del pa\u00eds vecino por ser M\u00e9xico su zona de seguridad, y como Amlo crece proporcionalmente a la ca\u00edda de Pe\u00f1a Nieto, ahorita es necesario conformar un frente amplio, para poder vencer en las urnas a Amlo, por lo menos es lo que parece hoy, de acuerdo a la situaci\u00f3n cr\u00edtica por la cual atraviesa el PRI, el PAN y no se diga el PRD, mientras Morena crece y se fortalece.<\/p>\n","protected":false},"excerpt":{"rendered":"<p>\u2022\tEN LA PLAZA VALLADOLID<br \/>\n\u2022\tSR, GODOY, \u00a1RESULTADOS!<br \/>\n\u2022\tANAYA, MARKO Y MADERO<br \/>\n\u2022\tA PROTEGER LOS EMPLEOS<\/p>\n","protected":false},"author":1,"featured_media":0,"comment_status":"open","ping_status":"open","sticky":false,"template":"","format":"standard","meta":{"footnotes":""},"categories":[4,14,10],"tags":[],"class_list":["post-17556","post","type-post","status-publish","format-standard","hentry","category-columnistas","category-destacadas","category-juan-manuel-belmonte"],"_links":{"self":[{"href":"https:\/\/radiowebmx.com\/nota\/wp-json\/wp\/v2\/posts\/17556","targetHints":{"allow":["GET"]}}],"collection":[{"href":"https:\/\/radiowebmx.com\/nota\/wp-json\/wp\/v2\/posts"}],"about":[{"href":"https:\/\/radiowebmx.com\/nota\/wp-json\/wp\/v2\/types\/post"}],"author":[{"embeddable":true,"href":"https:\/\/radiowebmx.com\/nota\/wp-json\/wp\/v2\/users\/1"}],"replies":[{"embeddable":true,"href":"https:\/\/radiowebmx.com\/nota\/wp-json\/wp\/v2\/comments?post=17556"}],"version-history":[{"count":1,"href":"https:\/\/radiowebmx.com\/nota\/wp-json\/wp\/v2\/posts\/17556\/revisions"}],"predecessor-version":[{"id":17557,"href":"https:\/\/radiowebmx.com\/nota\/wp-json\/wp\/v2\/posts\/17556\/revisions\/17557"}],"wp:attachment":[{"href":"https:\/\/radiowebmx.com\/nota\/wp-json\/wp\/v2\/media?parent=17556"}],"wp:term":[{"taxonomy":"category","embeddable":true,"href":"https:\/\/radiowebmx.com\/nota\/wp-json\/wp\/v2\/categories?post=17556"},{"taxonomy":"post_tag","embeddable":true,"href":"https:\/\/radiowebmx.com\/nota\/wp-json\/wp\/v2\/tags?post=17556"}],"curies":[{"name":"wp","href":"https:\/\/api.w.org\/{rel}","templated":true}]}}