{"id":17549,"date":"2015-08-25T12:39:39","date_gmt":"2015-08-25T17:39:39","guid":{"rendered":"https:\/\/radiowebmx.com\/nota\/?p=17549"},"modified":"2015-08-25T12:39:39","modified_gmt":"2015-08-25T17:39:39","slug":"la-plaza-carrillo-esta-lista-para-fortalecer-lazos-vecinales-abud","status":"publish","type":"post","link":"https:\/\/radiowebmx.com\/nota\/la-plaza-carrillo-esta-lista-para-fortalecer-lazos-vecinales-abud\/","title":{"rendered":"La Plaza Carrillo est\u00e1 lista para  fortalecer lazos vecinales: Abud"},"content":{"rendered":"<p>El presidente municipal de Morelia, Salvador Abud Mirabent, inaugur\u00f3 la tarde de este lunes la plaza Carrillo, donde la Secretar\u00eda de Obras P\u00fablicas del Ayuntamiento capitalino realiz\u00f3 el mejoramiento de la imagen urbana con una inversi\u00f3n federal de 13 millones de pesos.<\/p>\n<p>&nbsp;<\/p>\n<p>Tras mencionar que esta restauraci\u00f3n representa la culminaci\u00f3n de varios meses de mucho esfuerzo econ\u00f3mico y log\u00edstico, el edil moreliano dijo que es una muestra de la Suma de Voluntades, orientada a proporcionarle espacios familiares al municipio, en donde los lazos vecinales puedan fortalecerse o rehacerse.<\/p>\n<p>&nbsp;<\/p>\n<p>\u201cLa plaza Carrillo es un sitio fundamental, porque es donde termina la zona hist\u00f3rica y comienza una v\u00eda importante que conecta con la zona sur de la ciudad. Es un lugar tradicional, comercialmente poderoso, que necesitaba urgentemente su rehabilitaci\u00f3n\u201d a\u00f1adi\u00f3.<\/p>\n<p>&nbsp;<\/p>\n<p>Los trabajos efectuados por el municipio, consistieron en la liberaci\u00f3n e integraci\u00f3n de 2 mil 100 metros cuadrados de piso de cantera, 700 metros lineales de guarniciones del mismo material, as\u00ed como el empedrado con rocas bola de r\u00edo en 800 metros cuadrados. De igual manera, la dependencia local rehabilit\u00f3 300 metros cuadrados de \u00e1reas jardinadas con riego automatizado, para lo cual instal\u00f3 una cisterna con capacidad para 12 mil litros.<\/p>\n<p>&nbsp;<\/p>\n<p>Adicionalmente, fueron colocadas 4 piezas para ciclopuertos y 2 para motopuertos. Tambi\u00e9n se hizo la limpieza de los elementos de canter\u00eda originales, es decir, de la fuente, las bancas, columnas y el Monumento a La Madre.<\/p>\n<p>&nbsp;<\/p>\n<p>Adem\u00e1s, la obra comprendi\u00f3 la remodelaci\u00f3n del entorno de la plaza, mediante de la pavimentaci\u00f3n con concreto de los 3 mil metros cuadrados que integran las calles aleda\u00f1as, la construcci\u00f3n de 600 metros cuadrados de banquetas con firme de concreto y acabado p\u00f3rfido, y la adecuaci\u00f3n de 300 metros lineales de guarniciones met\u00e1licas.<\/p>\n<p>&nbsp;<\/p>\n<p>Igualmente, se instalaron l\u00edneas de conducci\u00f3n y de distribuci\u00f3n de agua potable. Finalmente, la Secretar\u00eda de Obras coloc\u00f3 colectores sanitario y pluvial, una red de drenaje sanitario y descargas domiciliarias.<\/p>\n","protected":false},"excerpt":{"rendered":"<p>El presidente municipal de Morelia, Salvador Abud Mirabent, inaugur\u00f3 la tarde de este lunes la plaza Carrillo, donde la Secretar\u00eda de Obras P\u00fablicas del Ayuntamiento capitalino realiz\u00f3 el mejoramiento de la imagen urbana con una inversi\u00f3n federal de 13 millones de pesos.<\/p>\n","protected":false},"author":1,"featured_media":17550,"comment_status":"open","ping_status":"open","sticky":false,"template":"","format":"standard","meta":{"footnotes":""},"categories":[14,9],"tags":[],"class_list":["post-17549","post","type-post","status-publish","format-standard","has-post-thumbnail","hentry","category-destacadas","category-morelia"],"_links":{"self":[{"href":"https:\/\/radiowebmx.com\/nota\/wp-json\/wp\/v2\/posts\/17549","targetHints":{"allow":["GET"]}}],"collection":[{"href":"https:\/\/radiowebmx.com\/nota\/wp-json\/wp\/v2\/posts"}],"about":[{"href":"https:\/\/radiowebmx.com\/nota\/wp-json\/wp\/v2\/types\/post"}],"author":[{"embeddable":true,"href":"https:\/\/radiowebmx.com\/nota\/wp-json\/wp\/v2\/users\/1"}],"replies":[{"embeddable":true,"href":"https:\/\/radiowebmx.com\/nota\/wp-json\/wp\/v2\/comments?post=17549"}],"version-history":[{"count":2,"href":"https:\/\/radiowebmx.com\/nota\/wp-json\/wp\/v2\/posts\/17549\/revisions"}],"predecessor-version":[{"id":17552,"href":"https:\/\/radiowebmx.com\/nota\/wp-json\/wp\/v2\/posts\/17549\/revisions\/17552"}],"wp:featuredmedia":[{"embeddable":true,"href":"https:\/\/radiowebmx.com\/nota\/wp-json\/wp\/v2\/media\/17550"}],"wp:attachment":[{"href":"https:\/\/radiowebmx.com\/nota\/wp-json\/wp\/v2\/media?parent=17549"}],"wp:term":[{"taxonomy":"category","embeddable":true,"href":"https:\/\/radiowebmx.com\/nota\/wp-json\/wp\/v2\/categories?post=17549"},{"taxonomy":"post_tag","embeddable":true,"href":"https:\/\/radiowebmx.com\/nota\/wp-json\/wp\/v2\/tags?post=17549"}],"curies":[{"name":"wp","href":"https:\/\/api.w.org\/{rel}","templated":true}]}}