{"id":17546,"date":"2015-08-25T12:37:59","date_gmt":"2015-08-25T17:37:59","guid":{"rendered":"https:\/\/radiowebmx.com\/nota\/?p=17546"},"modified":"2015-08-25T12:37:59","modified_gmt":"2015-08-25T17:37:59","slug":"partido-del-trabajo-en-michoacan-mas-vivo-que-nunca-marcela-casillas-carrillo","status":"publish","type":"post","link":"https:\/\/radiowebmx.com\/nota\/partido-del-trabajo-en-michoacan-mas-vivo-que-nunca-marcela-casillas-carrillo\/","title":{"rendered":"PARTIDO DEL TRABAJO EN MICHOAC\u00c1N, M\u00c1S VIVO QUE NUNCA: MARCELA CASILLAS CARRILLO"},"content":{"rendered":"<p>Marcela Casillas Carrillo, representante ante los \u00f3rganos electorales del Partido del Trabajo, expres\u00f3 tajante que el este instituto pol\u00edtico est\u00e1 m\u00e1s vivo que nunca en Michoac\u00e1n, ya que las inercias pol\u00edticas en las que se ha visto envuelto el PT siguen una l\u00ednea presidencia de desaparecerlo.<\/p>\n<p>&nbsp;<\/p>\n<p>Casillas Carrillo expres\u00f3 que estamos ante un escenario nacional de tristeza y consternaci\u00f3n, pues la instrucci\u00f3n es clara \u201cdesaparecer al Partido del Trabajo para que no pueda participar en el pr\u00f3ximo proceso electoral\u201d, sin embargo, a\u00fan existe un recurso de impugnaci\u00f3n que se estar\u00e1 presentante ante el Consejo General del Instituto Nacional Electoral para su eventual resoluci\u00f3n.<\/p>\n<p>&nbsp;<\/p>\n<p>Adelant\u00f3 que de cualquier manera hay que esperar a que los tiempos para que los Consejeros del INE lleguen a una determinaci\u00f3n porque \u201ca decir verdad, sus n\u00fameros no concuerdan, a\u00fan no terminan de cuadrar\u201d y entonces lo que se avizora es que est\u00e9n utilizando los tiempos a su favor para repartir los puestos plurinominales que le corresponden al PT y que se est\u00e1n distribuyendo entre el Partido Revolucionario Institucional.<\/p>\n<p>&nbsp;<\/p>\n<p>Cabe se\u00f1alar que en lo que refiere al estado, este instituto pol\u00edtico no tiene ning\u00fan problema al haber alcanzado un nivel de votaci\u00f3n del 4.8%, por lo que est\u00e1 contemplado dentro de la Ley General de Partidos en su\u00a0 art\u00edculo 95 numeral 5 que \u201csi un partido pol\u00edtico nacional pierde su registro por no haber alcanzado el porcentaje m\u00ednimo de votaci\u00f3n en el \u00faltimo proceso electoral ordinario federal, podr\u00e1 optar por el registro como partido pol\u00edtico local en la o las entidades federativas en cuya elecci\u00f3n inmediata anterior hubiere obtenido por lo menos el tres por ciento de la votaci\u00f3n v\u00e1lida emitida y hubiere postulado candidatos propios en al menos la mitad de los municipios y distritos\u201d.<\/p>\n<p>&nbsp;<\/p>\n<p>Finalmente, Marcela Casillas refiri\u00f3 que no ser\u00e1 hasta que el Tribunal Electoral del Poder Judicial de la Federaci\u00f3n resuelva el tr\u00e1mite de impugnaci\u00f3n que se interpuso que entonces sea validada por la Junta General Ejecutiva del Instituto Nacional Electoral y enseguida conocer la ruta que defina el estatus del Partido del Trabajo.<\/p>\n","protected":false},"excerpt":{"rendered":"<p>Marcela Casillas Carrillo, representante ante los \u00f3rganos electorales del PT, expres\u00f3 tajante que el este instituto pol\u00edtico est\u00e1 m\u00e1s vivo que nunca en Michoac\u00e1n, ya que las inercias pol\u00edticas en las que se ha visto envuelto el PT siguen una l\u00ednea presidencia de desaparecerlo.<\/p>\n","protected":false},"author":1,"featured_media":17547,"comment_status":"open","ping_status":"open","sticky":false,"template":"","format":"standard","meta":{"footnotes":""},"categories":[14,11],"tags":[],"class_list":["post-17546","post","type-post","status-publish","format-standard","has-post-thumbnail","hentry","category-destacadas","category-partidos-politicos"],"_links":{"self":[{"href":"https:\/\/radiowebmx.com\/nota\/wp-json\/wp\/v2\/posts\/17546","targetHints":{"allow":["GET"]}}],"collection":[{"href":"https:\/\/radiowebmx.com\/nota\/wp-json\/wp\/v2\/posts"}],"about":[{"href":"https:\/\/radiowebmx.com\/nota\/wp-json\/wp\/v2\/types\/post"}],"author":[{"embeddable":true,"href":"https:\/\/radiowebmx.com\/nota\/wp-json\/wp\/v2\/users\/1"}],"replies":[{"embeddable":true,"href":"https:\/\/radiowebmx.com\/nota\/wp-json\/wp\/v2\/comments?post=17546"}],"version-history":[{"count":1,"href":"https:\/\/radiowebmx.com\/nota\/wp-json\/wp\/v2\/posts\/17546\/revisions"}],"predecessor-version":[{"id":17548,"href":"https:\/\/radiowebmx.com\/nota\/wp-json\/wp\/v2\/posts\/17546\/revisions\/17548"}],"wp:featuredmedia":[{"embeddable":true,"href":"https:\/\/radiowebmx.com\/nota\/wp-json\/wp\/v2\/media\/17547"}],"wp:attachment":[{"href":"https:\/\/radiowebmx.com\/nota\/wp-json\/wp\/v2\/media?parent=17546"}],"wp:term":[{"taxonomy":"category","embeddable":true,"href":"https:\/\/radiowebmx.com\/nota\/wp-json\/wp\/v2\/categories?post=17546"},{"taxonomy":"post_tag","embeddable":true,"href":"https:\/\/radiowebmx.com\/nota\/wp-json\/wp\/v2\/tags?post=17546"}],"curies":[{"name":"wp","href":"https:\/\/api.w.org\/{rel}","templated":true}]}}