{"id":1754,"date":"2013-03-12T12:08:48","date_gmt":"2013-03-12T18:08:48","guid":{"rendered":"https:\/\/radiowebmx.com\/nota\/?p=1754"},"modified":"2013-03-12T12:08:48","modified_gmt":"2013-03-12T18:08:48","slug":"egresan-de-la-utm-ingenieros-en-tecnologias-de-la-informacion-y-comunicacion","status":"publish","type":"post","link":"https:\/\/radiowebmx.com\/nota\/egresan-de-la-utm-ingenieros-en-tecnologias-de-la-informacion-y-comunicacion\/","title":{"rendered":"EGRESAN DE LA UTM INGENIEROS EN TECNOLOG\u00cdAS DE LA INFORMACI\u00d3N Y COMUNICACI\u00d3N"},"content":{"rendered":"<p><a href=\"https:\/\/radiowebmx.com\/nota\/wp-content\/uploads\/2013\/03\/IMG_8803.jpg\"><img loading=\"lazy\" decoding=\"async\" class=\"alignleft size-full wp-image-1755\" title=\"IMG_8803\" src=\"https:\/\/radiowebmx.com\/nota\/wp-content\/uploads\/2013\/03\/IMG_8803.jpg\" alt=\"\" width=\"591\" height=\"256\" \/><\/a>El rector de la Universidad Tecnol\u00f3gica de Morelia (UTM), Alfredo Rosales Rosales, presidi\u00f3 la ceremonia de graduaci\u00f3n y titulaci\u00f3n de 27 alumnos de la carrera de Tecnolog\u00edas de la Informaci\u00f3n y Comunicaci\u00f3n, a quienes les reconoci\u00f3 su esfuerzo y constancia para lograr culminar sus estudios.<\/p>\n<p>\u201cEl que persevera alcanza, con esfuerzo, trabajo y dedicaci\u00f3n, y ustedes son ejemplo de ello, ahora hay que actualizarse permanentemente, seguirse preparando y estar dispuestos a cambiar para alcanzar los objetivos propuestos\u201d, expuso el directivo de la UTM.<\/p>\n<p>Alfredo Rosales exhort\u00f3 a los egresados a luchar por sus sue\u00f1os, pero siempre con honestidad, a sentirse orgullosos por lo que con esfuerzo y dedicaci\u00f3n puedan ganar, y finaliz\u00f3 con una reflexi\u00f3n hist\u00f3rica: \u201ccon esfuerzo y trabajo honesto, tambi\u00e9n se alcanza el \u00e9xito\u201d.<\/p>\n<p>Por su parte, Jos\u00e9 Antonio Reyes Garc\u00eda, alumno destacado de mejor promedio de esta generaci\u00f3n, finaliz\u00f3 con un mensaje para sus compa\u00f1eros donde enfatiz\u00f3 que tienen que continuar prepar\u00e1ndose, ya que este pa\u00eds necesita de profesionistas que puedan hacer un M\u00e9xico de vanguardia e innovaci\u00f3n y record\u00f3 un proverbio del fil\u00f3sofo chino Confucio, \u201celige un trabajo que ames y no volver\u00e1s a trabajar ni un solo d\u00eda de tu vida\u201d.<\/p>\n<p>En la ceremonia los egresados de la generaci\u00f3n 2011-2012 dieron el adi\u00f3s a la universidad que los vio formarse y desempe\u00f1arse como estudiantes comprometidos con el desarrollo no s\u00f3lo de Morelia, sino del estado de Michoac\u00e1n y del pa\u00eds.<\/p>\n<p>Cabe destacar que estos alumnos tuvieron una larga traves\u00eda y espera, ya que despu\u00e9s de egresar como T\u00e9cnicos Superiores Universitarios (TSU), en particular este grupo, a\u00f1os atr\u00e1s y por distintas razones, interrumpieron sus estudios para incorporarse a la vida laboral y fue apenas en el 2011 que retomaron su carrera para continuar form\u00e1ndose y culminar as\u00ed su ingenier\u00eda.<\/p>\n<p>Estuvieron presentes en esta graduaci\u00f3n, Jaime Mart\u00ednez Vallejo, encargado de la carrera de Tecnolog\u00edas de la Informaci\u00f3n y Comunicaci\u00f3n; Marcela \u00c1lvarez Vivanco, encargada de las carreras de Dise\u00f1o y Moda Industrial y Gastronom\u00eda; Dante Garc\u00eda Garc\u00eda, director de la carrera de Mantenimiento Industrial; Mario Javier Guti\u00e9rrez Fern\u00e1ndez, encargado de la carrera de Biotecnolog\u00eda y el secretario general del Sindicato \u00danico de Trabajadores de la UTM, Gerardo Bola\u00f1os Jim\u00e9nez.<\/p>\n<p>&nbsp;<\/p>\n","protected":false},"excerpt":{"rendered":"<p>El rector de la Universidad Tecnol\u00f3gica de Morelia (UTM), Alfredo Rosales Rosales, presidi\u00f3 la ceremonia de graduaci\u00f3n y titulaci\u00f3n de 27 alumnos de la carrera de Tecnolog\u00edas de la Informaci\u00f3n y Comunicaci\u00f3n, a quienes les reconoci\u00f3 su esfuerzo y constancia para lograr culminar sus estudios.  <\/p>\n","protected":false},"author":1,"featured_media":0,"comment_status":"open","ping_status":"open","sticky":false,"template":"","format":"standard","meta":{"footnotes":""},"categories":[14,3],"tags":[],"class_list":["post-1754","post","type-post","status-publish","format-standard","hentry","category-destacadas","category-gobierno-del-estado-de-michoacan"],"_links":{"self":[{"href":"https:\/\/radiowebmx.com\/nota\/wp-json\/wp\/v2\/posts\/1754","targetHints":{"allow":["GET"]}}],"collection":[{"href":"https:\/\/radiowebmx.com\/nota\/wp-json\/wp\/v2\/posts"}],"about":[{"href":"https:\/\/radiowebmx.com\/nota\/wp-json\/wp\/v2\/types\/post"}],"author":[{"embeddable":true,"href":"https:\/\/radiowebmx.com\/nota\/wp-json\/wp\/v2\/users\/1"}],"replies":[{"embeddable":true,"href":"https:\/\/radiowebmx.com\/nota\/wp-json\/wp\/v2\/comments?post=1754"}],"version-history":[{"count":1,"href":"https:\/\/radiowebmx.com\/nota\/wp-json\/wp\/v2\/posts\/1754\/revisions"}],"predecessor-version":[{"id":1756,"href":"https:\/\/radiowebmx.com\/nota\/wp-json\/wp\/v2\/posts\/1754\/revisions\/1756"}],"wp:attachment":[{"href":"https:\/\/radiowebmx.com\/nota\/wp-json\/wp\/v2\/media?parent=1754"}],"wp:term":[{"taxonomy":"category","embeddable":true,"href":"https:\/\/radiowebmx.com\/nota\/wp-json\/wp\/v2\/categories?post=1754"},{"taxonomy":"post_tag","embeddable":true,"href":"https:\/\/radiowebmx.com\/nota\/wp-json\/wp\/v2\/tags?post=1754"}],"curies":[{"name":"wp","href":"https:\/\/api.w.org\/{rel}","templated":true}]}}