{"id":17496,"date":"2015-08-24T11:06:17","date_gmt":"2015-08-24T16:06:17","guid":{"rendered":"https:\/\/radiowebmx.com\/nota\/?p=17496"},"modified":"2015-08-24T11:06:17","modified_gmt":"2015-08-24T16:06:17","slug":"en-total-legalidad-ratificacion-del-procurador-de-michoacan-sebastian-naranjo-blanco","status":"publish","type":"post","link":"https:\/\/radiowebmx.com\/nota\/en-total-legalidad-ratificacion-del-procurador-de-michoacan-sebastian-naranjo-blanco\/","title":{"rendered":"En total legalidad ratificaci\u00f3n del Procurador de Michoac\u00e1n: Sebasti\u00e1n Naranjo Blanco"},"content":{"rendered":"<p>Los diputados de Acci\u00f3n Nacional que integramos la Comisi\u00f3n de Justicia, despu\u00e9s de un an\u00e1lisis puntual, responsable y objetivo, llegamos a la determinaci\u00f3n que la propuesta enviada por el Poder Ejecutivo para designar al titular de la Procuradur\u00eda General de Justicia del Estado (PGJE), cumple con las disposiciones de ley para asumir dicho cargo, adem\u00e1s de que cuenta con el conocimiento del panorama que se vive en Michoac\u00e1n, para de esta forma dar continuidad al trabajo dentro del \u00f3rgano, as\u00ed lo expres\u00f3 el diputado Jos\u00e9 Sebasti\u00e1n Naranjo Blanco.<\/p>\n<p>Lo anterior, luego de que\u00a0 fue aprobado por mayor\u00eda de votos en el Pleno del Congreso local el dictamen presentado por las Comisiones Unidas mediante el cual se ratifica el nombramiento de Martin Godoy Castro como Procurador del Estado; a lo que, el tambi\u00e9n Presidente de la Comisi\u00f3n de Puntos Constitucionales, se\u00f1al\u00f3 que fue una decisi\u00f3n institucional, \u201cya que no podemos permitir que el Gobierno Concluya con una procuradur\u00eda ac\u00e9fala, ni mucho menos, que la nueva administraci\u00f3n inicie sin titular en dicho \u00f3rgano, sobre todo con la situaci\u00f3n que se vive en Michoac\u00e1n\u201d, expres\u00f3.<\/p>\n<p>Destac\u00f3, que con dicho dictamen se cumple a cabalidad \u00a0de manera trasparente y legal el procedimiento de ratificaci\u00f3n, ya que es una obligaci\u00f3n observar que se actu\u00e9 conforme a lo estipulado en la Constituci\u00f3n Pol\u00edtica del Estado, espec\u00edficamente en los art\u00edculos 101 y102, \u201cpor lo que la propuesta del Gobernador, cumple con los requisitos marcados en nuestra carta Magna, los cuales son claros y concretos,\u00a0 no podemos proceder en base a criterios, ideolog\u00edas o cuestiones pol\u00edticas,\u00a0 buscando protagonismo en un tema tan delicado,\u00a0 sino al contrario, debemos solidarizarnos con el Estado a fin de que tenga las condiciones para su desarrollo\u201d, puntualiz\u00f3.<\/p>\n<p>El tambi\u00e9n integrante del Consejo Implementador del Nuevo Sistema de Justicia Penal en el Estado, resalt\u00f3 que de igual manera se tom\u00f3 en cuenta la continuidad que\u00a0 puede dar dicho perfil, \u00a0a los trabajos realizados en la Procuradur\u00eda, \u201cconoce el panorama, los planes y las estrategias, por lo que en esta situaci\u00f3n en la que se encuentra la entidad se requiere de continuidad y compromiso, aunque debe quedar claro que estos factores que ahora se tomaron en cuenta para su ratificaci\u00f3n, no son garant\u00eda de permanencia, puesto que tendr\u00e1 mayor responsabilidad\u00a0 de entregar resultados tangibles\u00a0 a los michoacanos\u201d, enfatiz\u00f3.<\/p>\n<p>Asimismo, hizo hincapi\u00e9 que a pesar de que la ratificaci\u00f3n cuenta con el aval del Gobernador actual, as\u00ed como del Gobernador Electo, en cualquier momento puede ser destituido del cargo de Procurador, facultad que la Constituci\u00f3n Pol\u00edtica del Estado le otorga al Poder Ejecutivo, \u201cla Procuradur\u00eda del estado es uno de los operadores m\u00e1s relevantes en la impartici\u00f3n de justicia en la entidad, porque lo que requiere que la instituci\u00f3n arroje resultados, de no ser as\u00ed, el Ejecutivo tiene la jurisdicci\u00f3n y responsabilidad de removerlo\u00a0 en cualquier momento\u201d, expuso.<\/p>\n<p>Finalmente, Naranjo Blanco precis\u00f3 que ser\u00e1n vigilantes del desempe\u00f1o por parte de la Procuradur\u00eda General de Justicia del Estado, no permitir\u00e1n que se trunque el progreso de la entidad, adem\u00e1s dijo esperar que \u201cla decisi\u00f3n tomada ayude a dar mayor estabilidad y desarrollo en Michoac\u00e1n, factores que siempre se han antepuesto\u00a0 en las decisiones y el trabajo de los legisladores de Acci\u00f3n Nacional\u201d, concluy\u00f3.<\/p>\n","protected":false},"excerpt":{"rendered":"<p>Los diputados de Acci\u00f3n Nacional que integramos la Comisi\u00f3n de Justicia, despu\u00e9s de un an\u00e1lisis puntual, responsable y objetivo, llegamos a la determinaci\u00f3n que la propuesta enviada por el Poder Ejecutivo para designar al titular de la PGJE,<\/p>\n","protected":false},"author":1,"featured_media":17497,"comment_status":"open","ping_status":"open","sticky":false,"template":"","format":"standard","meta":{"footnotes":""},"categories":[6,14,8],"tags":[],"class_list":["post-17496","post","type-post","status-publish","format-standard","has-post-thumbnail","hentry","category-congreso-del-estado","category-destacadas","category-grupo-parlamentario-del-pan"],"_links":{"self":[{"href":"https:\/\/radiowebmx.com\/nota\/wp-json\/wp\/v2\/posts\/17496","targetHints":{"allow":["GET"]}}],"collection":[{"href":"https:\/\/radiowebmx.com\/nota\/wp-json\/wp\/v2\/posts"}],"about":[{"href":"https:\/\/radiowebmx.com\/nota\/wp-json\/wp\/v2\/types\/post"}],"author":[{"embeddable":true,"href":"https:\/\/radiowebmx.com\/nota\/wp-json\/wp\/v2\/users\/1"}],"replies":[{"embeddable":true,"href":"https:\/\/radiowebmx.com\/nota\/wp-json\/wp\/v2\/comments?post=17496"}],"version-history":[{"count":1,"href":"https:\/\/radiowebmx.com\/nota\/wp-json\/wp\/v2\/posts\/17496\/revisions"}],"predecessor-version":[{"id":17498,"href":"https:\/\/radiowebmx.com\/nota\/wp-json\/wp\/v2\/posts\/17496\/revisions\/17498"}],"wp:featuredmedia":[{"embeddable":true,"href":"https:\/\/radiowebmx.com\/nota\/wp-json\/wp\/v2\/media\/17497"}],"wp:attachment":[{"href":"https:\/\/radiowebmx.com\/nota\/wp-json\/wp\/v2\/media?parent=17496"}],"wp:term":[{"taxonomy":"category","embeddable":true,"href":"https:\/\/radiowebmx.com\/nota\/wp-json\/wp\/v2\/categories?post=17496"},{"taxonomy":"post_tag","embeddable":true,"href":"https:\/\/radiowebmx.com\/nota\/wp-json\/wp\/v2\/tags?post=17496"}],"curies":[{"name":"wp","href":"https:\/\/api.w.org\/{rel}","templated":true}]}}