{"id":17492,"date":"2015-08-24T11:03:38","date_gmt":"2015-08-24T16:03:38","guid":{"rendered":"https:\/\/radiowebmx.com\/nota\/?p=17492"},"modified":"2015-08-24T11:04:07","modified_gmt":"2015-08-24T16:04:07","slug":"vence-hoy-viernes-recepcion-de-propuestas-para-integrar-gobierno-independiente-en-morelia","status":"publish","type":"post","link":"https:\/\/radiowebmx.com\/nota\/vence-hoy-viernes-recepcion-de-propuestas-para-integrar-gobierno-independiente-en-morelia\/","title":{"rendered":"Vence hoy viernes recepci\u00f3n de propuestas para integrar Gobierno Independiente en Morelia"},"content":{"rendered":"<p>Este viernes vence el plazo para el registro de propuestas para integrar el Gabinete del pr\u00f3ximo Gobierno Ciudadano de Morelia, as\u00ed lo anunci\u00f3 el alcalde electo, Alfonso Mart\u00ednez Alc\u00e1zar.<\/p>\n<p>En ese sentido, el joven Alcalde Electo, record\u00f3 que fue el pasado jueves 13 de agosto que se public\u00f3 la convocatoria, y tras m\u00e1s de una semana de convocatoria, se ha recibido un importante n\u00famero de participantes y una gran aceptaci\u00f3n por parte de los morelianos, solicitudes que ser\u00e1n evaluadas de acuerdo a su perfil y consideraciones del mismo documento.<\/p>\n<p>Con base a esta din\u00e1mica de participaci\u00f3n ciudadana, el Gobierno entrante independiente a los partidos, puso a disposici\u00f3n de los morelianos diversos cargos al interior del aparato gubernamental, desde cargos operativos, hasta Direcciones.<\/p>\n<p>El an\u00e1lisis de los perfiles ser\u00e1 a trav\u00e9s de 3 etapas, las cuales consisten en la recepci\u00f3n de solicitudes en la p\u00e1gina<a href=\"http:\/\/convocatoria.todospormorelia.org\/\" target=\"\">http:\/\/convocatoria.todospormorelia.org<\/a>, considerando formaci\u00f3n acad\u00e9mica y experiencia laboral, as\u00ed como lo manifestado en la exposici\u00f3n de motivos.<\/p>\n<p>Los aspirantes elegibles para continuar dentro del proceso de selecci\u00f3n, ser\u00e1n notificados por correo electr\u00f3nico, as\u00ed como requeridos para presentar los documentos que acrediten la informaci\u00f3n presentada en la Primera Etapa.<\/p>\n<p>Es importante destacar que en la \u00faltima etapa se se\u00f1ala que ser\u00e1n elegibles, aquellos aspirantes que hayan sido evaluados satisfactoriamente durante los ex\u00e1menes, que se hayan aplicado en la Segunda Etapa de selecci\u00f3n.<\/p>\n<p>Finalmente, Alfonso Mart\u00ednez se\u00f1al\u00f3 que en su Gobierno, la participaci\u00f3n de los ciudadanos ser\u00e1 uno de los ejes que regir\u00e1n la Administraci\u00f3n Municipal, as\u00ed como la transparencia en cada uno de los ejercicios que se realicen en el municipio.<\/p>\n","protected":false},"excerpt":{"rendered":"<p>Este viernes vence el plazo para el registro de propuestas para integrar el Gabinete del pr\u00f3ximo Gobierno Ciudadano de Morelia, as\u00ed lo anunci\u00f3 el alcalde electo, Alfonso Mart\u00ednez Alc\u00e1zar.<\/p>\n","protected":false},"author":1,"featured_media":17494,"comment_status":"open","ping_status":"open","sticky":false,"template":"","format":"standard","meta":{"footnotes":""},"categories":[14],"tags":[],"class_list":["post-17492","post","type-post","status-publish","format-standard","has-post-thumbnail","hentry","category-destacadas"],"_links":{"self":[{"href":"https:\/\/radiowebmx.com\/nota\/wp-json\/wp\/v2\/posts\/17492","targetHints":{"allow":["GET"]}}],"collection":[{"href":"https:\/\/radiowebmx.com\/nota\/wp-json\/wp\/v2\/posts"}],"about":[{"href":"https:\/\/radiowebmx.com\/nota\/wp-json\/wp\/v2\/types\/post"}],"author":[{"embeddable":true,"href":"https:\/\/radiowebmx.com\/nota\/wp-json\/wp\/v2\/users\/1"}],"replies":[{"embeddable":true,"href":"https:\/\/radiowebmx.com\/nota\/wp-json\/wp\/v2\/comments?post=17492"}],"version-history":[{"count":2,"href":"https:\/\/radiowebmx.com\/nota\/wp-json\/wp\/v2\/posts\/17492\/revisions"}],"predecessor-version":[{"id":17495,"href":"https:\/\/radiowebmx.com\/nota\/wp-json\/wp\/v2\/posts\/17492\/revisions\/17495"}],"wp:featuredmedia":[{"embeddable":true,"href":"https:\/\/radiowebmx.com\/nota\/wp-json\/wp\/v2\/media\/17494"}],"wp:attachment":[{"href":"https:\/\/radiowebmx.com\/nota\/wp-json\/wp\/v2\/media?parent=17492"}],"wp:term":[{"taxonomy":"category","embeddable":true,"href":"https:\/\/radiowebmx.com\/nota\/wp-json\/wp\/v2\/categories?post=17492"},{"taxonomy":"post_tag","embeddable":true,"href":"https:\/\/radiowebmx.com\/nota\/wp-json\/wp\/v2\/tags?post=17492"}],"curies":[{"name":"wp","href":"https:\/\/api.w.org\/{rel}","templated":true}]}}