{"id":17476,"date":"2015-08-21T12:54:13","date_gmt":"2015-08-21T17:54:13","guid":{"rendered":"https:\/\/radiowebmx.com\/nota\/?p=17476"},"modified":"2015-08-21T12:54:13","modified_gmt":"2015-08-21T17:54:13","slug":"ssp-entrega-reconocimiento-para-asociacion-civil-espacios-para-todos","status":"publish","type":"post","link":"https:\/\/radiowebmx.com\/nota\/ssp-entrega-reconocimiento-para-asociacion-civil-espacios-para-todos\/","title":{"rendered":"SSP ENTREGA RECONOCIMIENTO PARA ASOCIACI\u00d3N CIVIL \u201cESPACIOS PARA TODOS\u201d"},"content":{"rendered":"<p>Como parte de las acciones encaminadas a facilitar la reinserci\u00f3n de los internos de los \u00a0CERESOS de la entidad a la sociedad, la Secretar\u00eda de Seguridad P\u00fablica a trav\u00e9s de la Subsecretaria de Prevenci\u00f3n y Reinserci\u00f3n Social entregaron un reconocimiento a la Asociaci\u00f3n Civil \u201cEspacios para todos\u201d, que preside el Profesor Jes\u00fas Ram\u00edrez Ruvalcaba, ex director t\u00e9cnico de la Selecci\u00f3n Mexicana Sub17.<\/p>\n<p>En un evento celebrado en el Centro de Reinserci\u00f3n Social de Alta Seguridad para el Delito de Alto Impacto No. 1, se realiz\u00f3 la entrega de dichos esf\u00e9ricos que se utilizar\u00e1n en el Torneo Nacional de futbol META (Moviendo Espacios para Transformar Actitudes), que la citada asociaci\u00f3n efectuar\u00e1 el pr\u00f3ximo fin de semana en concordancia con la Secretar\u00eda de Desarrollo Agrario Territorial Urbano (SEDATU).<\/p>\n<p>El Secretario de Seguridad P\u00fablica de Michoac\u00e1n, el Lic. V\u00edctor Manuel Maga\u00f1a Garc\u00eda, enfatiz\u00f3 el compromiso de la instituci\u00f3n de buscar acciones para que los internos aprendan diversos oficios que les faciliten su regreso a la sociedad.<\/p>\n<p>\u201cEn esta Secretar\u00eda, hacemos especial hincapi\u00e9 en el valor del deporte y las actividades para la formaci\u00f3n integral de la persona, adem\u00e1s de buscar influir en el desarrollo moral y la promoci\u00f3n de diversos valores sociales y personales de los internos\u201d declar\u00f3.<\/p>\n<p>Por su parte, el Subsecretario de Prevenci\u00f3n y Reinserci\u00f3n Social del Estado, el Lic. Jorge Alejandro Montiel Villase\u00f1or, indic\u00f3 que sumado a estos esfuerzos, diariamente en todos los centros penitenciarios del Estado, se llevan a cabo actividades y talleres con el fin de facilitar al interno su regreso a la sociedad.<\/p>\n<p>Adem\u00e1s de que la Subsecretar\u00eda a su cargo est\u00e1 gestionando donaciones y equipamiento con dependencias gubernamentales, con el fin de garantizar los derechos humanos de los internos.<\/p>\n<p>Finalmente, el Presidente de la Asociaci\u00f3n \u201cEspacios para Todos\u201d el Profesor Jes\u00fas Ram\u00edrez, agradeci\u00f3 al Gobierno del Estado, en especial al Secretario de Seguridad y al Encargado de la Subsecretar\u00eda de Prevenci\u00f3n y Reinserci\u00f3n Social el apoyo para la manufactura de los 600 balones de futbol que se usar\u00e1n en el torneo, adem\u00e1s de recalcar que el prop\u00f3sito de asociaciones como la que \u00e9l preside, es dar a conocer a la comunidad los beneficios de practicar el deporte.<\/p>\n","protected":false},"excerpt":{"rendered":"<p>Como parte de las acciones encaminadas a facilitar la reinserci\u00f3n de los internos de los  CERESOS de la entidad a la sociedad, la SSP a trav\u00e9s de la Subsecretaria de Prevenci\u00f3n y Reinserci\u00f3n Social entregaron un reconocimiento a la Asociaci\u00f3n Civil<\/p>\n","protected":false},"author":1,"featured_media":17477,"comment_status":"open","ping_status":"open","sticky":false,"template":"","format":"standard","meta":{"footnotes":""},"categories":[14,3],"tags":[],"class_list":["post-17476","post","type-post","status-publish","format-standard","has-post-thumbnail","hentry","category-destacadas","category-gobierno-del-estado-de-michoacan"],"_links":{"self":[{"href":"https:\/\/radiowebmx.com\/nota\/wp-json\/wp\/v2\/posts\/17476","targetHints":{"allow":["GET"]}}],"collection":[{"href":"https:\/\/radiowebmx.com\/nota\/wp-json\/wp\/v2\/posts"}],"about":[{"href":"https:\/\/radiowebmx.com\/nota\/wp-json\/wp\/v2\/types\/post"}],"author":[{"embeddable":true,"href":"https:\/\/radiowebmx.com\/nota\/wp-json\/wp\/v2\/users\/1"}],"replies":[{"embeddable":true,"href":"https:\/\/radiowebmx.com\/nota\/wp-json\/wp\/v2\/comments?post=17476"}],"version-history":[{"count":1,"href":"https:\/\/radiowebmx.com\/nota\/wp-json\/wp\/v2\/posts\/17476\/revisions"}],"predecessor-version":[{"id":17478,"href":"https:\/\/radiowebmx.com\/nota\/wp-json\/wp\/v2\/posts\/17476\/revisions\/17478"}],"wp:featuredmedia":[{"embeddable":true,"href":"https:\/\/radiowebmx.com\/nota\/wp-json\/wp\/v2\/media\/17477"}],"wp:attachment":[{"href":"https:\/\/radiowebmx.com\/nota\/wp-json\/wp\/v2\/media?parent=17476"}],"wp:term":[{"taxonomy":"category","embeddable":true,"href":"https:\/\/radiowebmx.com\/nota\/wp-json\/wp\/v2\/categories?post=17476"},{"taxonomy":"post_tag","embeddable":true,"href":"https:\/\/radiowebmx.com\/nota\/wp-json\/wp\/v2\/tags?post=17476"}],"curies":[{"name":"wp","href":"https:\/\/api.w.org\/{rel}","templated":true}]}}