{"id":17473,"date":"2015-08-21T12:51:02","date_gmt":"2015-08-21T17:51:02","guid":{"rendered":"https:\/\/radiowebmx.com\/nota\/?p=17473"},"modified":"2015-08-21T12:51:02","modified_gmt":"2015-08-21T17:51:02","slug":"personal-de-enfermeria-elemento-mas-valioso-en-la-prestacion-de-servicios-asistenciales-carlos-aranza","status":"publish","type":"post","link":"https:\/\/radiowebmx.com\/nota\/personal-de-enfermeria-elemento-mas-valioso-en-la-prestacion-de-servicios-asistenciales-carlos-aranza\/","title":{"rendered":"PERSONAL DE ENFERMER\u00cdA, ELEMENTO M\u00c1S VALIOSO EN LA PRESTACI\u00d3N DE SERVICIOS ASISTENCIALES: CARLOS ARANZA"},"content":{"rendered":"<p>Durante el evento inaugural del XIII Congreso Estatal de Enfermer\u00eda \u201cPrimer Nivel de Atenci\u00f3n: Fortaleza y Prioridad en los Servicios de Salud\u201d, el secretario de Salud en Michoac\u00e1n, Carlos Aranza Doniz reconoci\u00f3 la importante labor que realiza el personal de enfermer\u00eda, ya que representa uno de los elementos m\u00e1s valiosos en la prestaci\u00f3n de servicios asistenciales y en el campo de la Salud P\u00fablica.<\/p>\n<p>&nbsp;<\/p>\n<p>Puntualiz\u00f3 que la enfermer\u00eda ha alcanzado un desarrollo profesional y t\u00e9cnico que ha llevado a que en la pr\u00e1ctica de la medicina sea indispensable el servicio que prestan.<\/p>\n<p>&nbsp;<\/p>\n<p>Aranza Doniz detall\u00f3 que la actuaci\u00f3n de las enfermeras es muy visible en el campo cl\u00ednico hospitalario, pero es invisible y suele pasar desapercibido el trabajo que ellas realizan a nivel comunitario.<\/p>\n<p>&nbsp;<\/p>\n<p>\u201cEn la Secretar\u00eda de Salud en Michoac\u00e1n, el 30 por ciento de las enfermeras trabajan en el Primer Nivel de Atenci\u00f3n, forman parte de equipos multidisciplinarios y abordan actividades cotidianas de trabajo comunitario. Por eso, es relevante que este Congreso se proponga revisar los aspectos de enfermer\u00eda en este tema\u201d, se\u00f1al\u00f3.<\/p>\n<p>&nbsp;<\/p>\n<p>El titular de la SSM enfatiz\u00f3 la importancia que tiene el trabajo comunitario y el gran desarrollo que ha alcanzado la enfermer\u00eda en Salud P\u00fablica y que implica el manejo de problemas epidemiol\u00f3gicos, pero sobre todo, las acciones de prevenci\u00f3n, promoci\u00f3n y detecci\u00f3n oportuna dirigida a la poblaci\u00f3n sana de los diferentes grupos etarios en el Primer Nivel de Atenci\u00f3n.<\/p>\n<p>&nbsp;<\/p>\n<p>\u201cQuiero destacar del abordaje comunitario, de manera especial, las coberturas de vacunaci\u00f3n y la detecci\u00f3n oportuna de enfermedades cr\u00f3nicas. Estas actividades no ser\u00edan tan exitosas como lo son hoy, si no cont\u00e1ramos con la participaci\u00f3n de las enfermeras\u201d, abund\u00f3.<\/p>\n<p>&nbsp;<\/p>\n<p>Carlos Aranza subray\u00f3 que se pudiera seguir comentando el importante trabajo que las enfermeras realizan en las zonas rurales y en comunidades marginadas, y el poco reconocimiento que frecuentemente tiene este trabajo.<\/p>\n<p>&nbsp;<\/p>\n<p>Antes de concluir, el secretario de Salud en la entidad aprovech\u00f3 para hacer el anuncio de que este viernes 21 de agosto se publicar\u00e1 la convocatoria para la Profesionalizaci\u00f3n, en la que podr\u00e1n participar todas las enfermeras de base estatal, que desde hace muchos a\u00f1os demandaban tener la igualdad y circunstancias con el Programa Nacional de Profesionalizaci\u00f3n que establece la Secretar\u00eda de Salud Federal.<\/p>\n<p>&nbsp;<\/p>\n<p>En su participaci\u00f3n, la jefa del Departamento Estatal de Enfermer\u00eda, Mar\u00eda Guadalupe B\u00e1ez Mart\u00ednez, mencion\u00f3 que la demanda de servicios de salud de la poblaci\u00f3n mexicana se concentra en la atenci\u00f3n primaria, pero el dise\u00f1o del propio sistema de salud concentra la oferta de servicios de atenci\u00f3n hospitalaria, en particular de tercer nivel.<\/p>\n<p>&nbsp;<\/p>\n<p>Felicit\u00f3 a cada uno de los asistentes a este Congreso y los conmin\u00f3 a seguir con el buen desempe\u00f1o en la atenci\u00f3n de los pacientes que acuden a cada uno de los servicios de salud.<\/p>\n<p>&nbsp;<\/p>\n<p>Durante el evento, la Secretar\u00eda de Salud en el Estado hizo entrega de ocho reconocimientos por Trayectoria Profesional a igual n\u00famero de enfermeras que se desempe\u00f1an dentro de las jurisdicciones sanitarias.<\/p>\n<p>&nbsp;<\/p>\n<p>De igual manera, se hizo un reconocimiento estatal a Guillermina Bucio y Mar\u00eda Trinidad Ferreyra, as\u00ed como a las enfermeras Bertha Merino y Rosalba Molotla, por su colaboraci\u00f3n en la elaboraci\u00f3n de Gu\u00edas de Pr\u00e1ctica Cl\u00ednica.<\/p>\n<p>&nbsp;<\/p>\n<p>En la inauguraci\u00f3n del XIII Congreso Estatal de Enfermer\u00eda se cont\u00f3 con la presencia del subdirector de Servicios de Salud, Lidio Guzm\u00e1n Reyes; la directora de la Facultad de Enfermer\u00eda de la UMSNH, Ana Celia Anguiano Mor\u00e1n; la presidenta del Colegio de Enfermeras de Michoac\u00e1n AC, Paula Tello Hinojosa, s\u00f3lo por mencionar algunos.<\/p>\n","protected":false},"excerpt":{"rendered":"<p>Durante el evento inaugural del XIII Congreso Estatal de Enfermer\u00eda \u201cPrimer Nivel de Atenci\u00f3n: Fortaleza y Prioridad en los Servicios de Salud\u201d, el secretario de Salud en Michoac\u00e1n, Carlos Aranza Doniz reconoci\u00f3 la importante labor que realiza el personal de enfermer\u00eda, <\/p>\n","protected":false},"author":1,"featured_media":17474,"comment_status":"open","ping_status":"open","sticky":false,"template":"","format":"standard","meta":{"footnotes":""},"categories":[14,3],"tags":[],"class_list":["post-17473","post","type-post","status-publish","format-standard","has-post-thumbnail","hentry","category-destacadas","category-gobierno-del-estado-de-michoacan"],"_links":{"self":[{"href":"https:\/\/radiowebmx.com\/nota\/wp-json\/wp\/v2\/posts\/17473","targetHints":{"allow":["GET"]}}],"collection":[{"href":"https:\/\/radiowebmx.com\/nota\/wp-json\/wp\/v2\/posts"}],"about":[{"href":"https:\/\/radiowebmx.com\/nota\/wp-json\/wp\/v2\/types\/post"}],"author":[{"embeddable":true,"href":"https:\/\/radiowebmx.com\/nota\/wp-json\/wp\/v2\/users\/1"}],"replies":[{"embeddable":true,"href":"https:\/\/radiowebmx.com\/nota\/wp-json\/wp\/v2\/comments?post=17473"}],"version-history":[{"count":1,"href":"https:\/\/radiowebmx.com\/nota\/wp-json\/wp\/v2\/posts\/17473\/revisions"}],"predecessor-version":[{"id":17475,"href":"https:\/\/radiowebmx.com\/nota\/wp-json\/wp\/v2\/posts\/17473\/revisions\/17475"}],"wp:featuredmedia":[{"embeddable":true,"href":"https:\/\/radiowebmx.com\/nota\/wp-json\/wp\/v2\/media\/17474"}],"wp:attachment":[{"href":"https:\/\/radiowebmx.com\/nota\/wp-json\/wp\/v2\/media?parent=17473"}],"wp:term":[{"taxonomy":"category","embeddable":true,"href":"https:\/\/radiowebmx.com\/nota\/wp-json\/wp\/v2\/categories?post=17473"},{"taxonomy":"post_tag","embeddable":true,"href":"https:\/\/radiowebmx.com\/nota\/wp-json\/wp\/v2\/tags?post=17473"}],"curies":[{"name":"wp","href":"https:\/\/api.w.org\/{rel}","templated":true}]}}