{"id":17447,"date":"2015-08-19T11:13:16","date_gmt":"2015-08-19T16:13:16","guid":{"rendered":"https:\/\/radiowebmx.com\/nota\/?p=17447"},"modified":"2015-08-19T11:13:16","modified_gmt":"2015-08-19T16:13:16","slug":"en-michoacan-se-lanzo-el-programa-nacional-muevete-en-30","status":"publish","type":"post","link":"https:\/\/radiowebmx.com\/nota\/en-michoacan-se-lanzo-el-programa-nacional-muevete-en-30\/","title":{"rendered":"EN MICHOAC\u00c1N SE LANZ\u00d3 EL PROGRAMA NACIONAL \u201cMU\u00c9VETE EN 30\u201d"},"content":{"rendered":"<p>La titular de la Comisi\u00f3n Estatal de Cultura F\u00edsica y Deporte (Cecufid), Ruth Huipe Estrada, anunci\u00f3 la puesta en marcha en Michoac\u00e1n del programa nacional de cultura f\u00edsica \u201cMasificaci\u00f3n del Deporte Social Mu\u00e9vete en 30\u201d.<\/p>\n<p>El programa nacional promovido por la Comisi\u00f3n Nacional de Cultura F\u00edsica y Deporte (Conade), busca desarrollar la pr\u00e1ctica de la cultura f\u00edsica y combatir el sedentarismo de toda la poblaci\u00f3n en general a trav\u00e9s de activaciones f\u00edsicas en escuelas, espacios libres en los municipios y centros de trabajo.<\/p>\n<p>\u201cEl objetivo de este programa es fomentar el desarrollo de la cultura f\u00edsica entre la poblaci\u00f3n general de forma incluyente, que permita masificar la actividades f\u00edsica y recreativa en todas sus expresiones y alcances. Michoac\u00e1n se suma al programa a trav\u00e9s de la Cecufid para buscar mejorar la calidad de los michoacanos y as\u00ed disminuir el sedentarismo y los factores de riesgo de enfermedades cr\u00f3nico-degenerativas, desarrollando la participaci\u00f3n social de toda la sociedad en cada municipio y en sus comunidades\u201d, afirm\u00f3 Huipe Estrada.<\/p>\n<p>En la presentaci\u00f3n del programa tambi\u00e9n estuvieron presentes V\u00edctor Manuel Maga\u00f1a Garc\u00eda, de la Secretar\u00eda de Seguridad P\u00fablica en el Estado; as\u00ed como Claudia Vega Garc\u00eda, Coordinadora Estatal del Programa de Alimentaci\u00f3n y Activaci\u00f3n F\u00edsica de la Secretar\u00eda de Salud en el Estado; adem\u00e1s de Horacio Guillermo D\u00edaz Mora, titular de la Secretar\u00eda de Pol\u00edtica Social y Rams\u00e9s Barajas Mondrag\u00f3n, subdirector de la Cecufid.<\/p>\n<p>Ruth Huipe Estrada inform\u00f3 que en Michoac\u00e1n el programa Mu\u00e9vete en 30, se pondr\u00e1 en marcha este pr\u00f3ximo domingo 23 de agosto,\u00a0 a partir de las 09:00 horas con un evento masivo de activaci\u00f3n f\u00edsica a celebrarse de forma simult\u00e1nea en las cabeceras municipales de Apatzing\u00e1n, Huandacareo, Jacona, Jiquilpan, Ciudad Hidalgo, M\u00fajica, L\u00e1zaro C\u00e1rdenas, Santa Ana Maya, Uruapan y Morelia en eventos que tendr\u00e1n un m\u00ednimo de participaci\u00f3n de 200 personas.<\/p>\n<p>En Morelia, el evento masivo de activaci\u00f3n f\u00edsica se celebra en la Plaza Valladolid.<\/p>\n<p>Por su parte Rams\u00e9s Barajas Mondrag\u00f3n, subdirector de la Cecufid, detall\u00f3 las l\u00edneas de acci\u00f3n que operar\u00e1 el programa y que abarcar\u00e1 a todos los sectores de la poblaci\u00f3n.<\/p>\n<p>Las l\u00edneas de acci\u00f3n a trabajar en el programa son:<\/p>\n<ul>\n<li>Mu\u00e9vete en 30, \u201c30 M Escolar\u201d, enfocado a generar en ni\u00f1ez y juventud una cultura que los oriente a llevar estilos de vida saludable a trav\u00e9s de acciones interactivas con docentes y familia. En este se desarrollar\u00e1n rutinas musicalizadas, dejando huellas y recreo activo.<\/li>\n<li>Mu\u00e9vete en 30, \u201cTu Zona 30 M\u201d es la Red Nacional de Promotores de Actividad F\u00edsica, en el que se impulsar\u00e1 el aprovechamiento y uso de espacios p\u00fablicos en la comunidad para la pr\u00e1ctica de actividades f\u00edsicas y recreativas de forma regular y orientada a la integraci\u00f3n familiar y social. En este se realizar\u00e1 la conformaci\u00f3n de comit\u00e9s vecinales de seguimiento y vigilancia, dos eventos masivos por cada espacio por mes, promotores en centros penitenciarios y promotores urbanos en municipios.<\/li>\n<li>Mu\u00e9vete en 30, \u201c30 M Laboral\u201d, est\u00e1 enfocada a trabajadores de la administraci\u00f3n p\u00fablica y privada, promoviendo y creando h\u00e1bitos saludables que deriven en una buena actitud de vida activa y rendimiento laboral entre sus trabajadores.<\/li>\n<li>Mu\u00e9vete en 30, \u201cRed Nacional en Comunidades en Movimiento\u201d ser\u00e1 para mejorar desde la delegaci\u00f3n y municipios la calidad de vida de la poblaci\u00f3n de ni\u00f1os, j\u00f3venes, adultos y adultos mayores.<\/li>\n<\/ul>\n<p>El lanzamiento a nivel nacional del programa ser\u00e1 tambi\u00e9n el domingo 23 de este mes de agosto; adem\u00e1s de tener programados dos mega eventos masivos para el D\u00eda Mundial del Coraz\u00f3n, el 29 de septiembre y el D\u00eda Mundial contra la Obesidad, el 12 de noviembre.<\/p>\n<p>\u201cCon estos eventos\u00a0 se pretende involucrar al mayor n\u00famero de personas, en una ambiente festivo y en un espacio de sano esparcimiento para la realizaci\u00f3n de la actividad f\u00edsica, en donde todas las personas puedan hacer el ejercicio posible en 30 minutos, y as\u00ed de esta manera poder combatir el problema del sobrepeso y la obesidad y sus consecuencias\u201d, expres\u00f3 Barajas Mondrag\u00f3n.<\/p>\n","protected":false},"excerpt":{"rendered":"<p>La titular de la Comisi\u00f3n Estatal de Cultura F\u00edsica y Deporte (Cecufid), Ruth Huipe Estrada, anunci\u00f3 la puesta en marcha en Michoac\u00e1n del programa nacional de cultura f\u00edsica \u201cMasificaci\u00f3n del Deporte Social Mu\u00e9vete en 30\u201d.<\/p>\n","protected":false},"author":1,"featured_media":17448,"comment_status":"open","ping_status":"open","sticky":false,"template":"","format":"standard","meta":{"footnotes":""},"categories":[14,3],"tags":[],"class_list":["post-17447","post","type-post","status-publish","format-standard","has-post-thumbnail","hentry","category-destacadas","category-gobierno-del-estado-de-michoacan"],"_links":{"self":[{"href":"https:\/\/radiowebmx.com\/nota\/wp-json\/wp\/v2\/posts\/17447","targetHints":{"allow":["GET"]}}],"collection":[{"href":"https:\/\/radiowebmx.com\/nota\/wp-json\/wp\/v2\/posts"}],"about":[{"href":"https:\/\/radiowebmx.com\/nota\/wp-json\/wp\/v2\/types\/post"}],"author":[{"embeddable":true,"href":"https:\/\/radiowebmx.com\/nota\/wp-json\/wp\/v2\/users\/1"}],"replies":[{"embeddable":true,"href":"https:\/\/radiowebmx.com\/nota\/wp-json\/wp\/v2\/comments?post=17447"}],"version-history":[{"count":1,"href":"https:\/\/radiowebmx.com\/nota\/wp-json\/wp\/v2\/posts\/17447\/revisions"}],"predecessor-version":[{"id":17449,"href":"https:\/\/radiowebmx.com\/nota\/wp-json\/wp\/v2\/posts\/17447\/revisions\/17449"}],"wp:featuredmedia":[{"embeddable":true,"href":"https:\/\/radiowebmx.com\/nota\/wp-json\/wp\/v2\/media\/17448"}],"wp:attachment":[{"href":"https:\/\/radiowebmx.com\/nota\/wp-json\/wp\/v2\/media?parent=17447"}],"wp:term":[{"taxonomy":"category","embeddable":true,"href":"https:\/\/radiowebmx.com\/nota\/wp-json\/wp\/v2\/categories?post=17447"},{"taxonomy":"post_tag","embeddable":true,"href":"https:\/\/radiowebmx.com\/nota\/wp-json\/wp\/v2\/tags?post=17447"}],"curies":[{"name":"wp","href":"https:\/\/api.w.org\/{rel}","templated":true}]}}