{"id":17418,"date":"2015-08-18T12:59:10","date_gmt":"2015-08-18T17:59:10","guid":{"rendered":"https:\/\/radiowebmx.com\/nota\/?p=17418"},"modified":"2015-08-18T12:59:10","modified_gmt":"2015-08-18T17:59:10","slug":"conmina-la-secretaria-de-educacion-en-el-estado-a-privilegiar-el-derecho-de-las-ninas-y-los-ninos-a-recibir-educacion","status":"publish","type":"post","link":"https:\/\/radiowebmx.com\/nota\/conmina-la-secretaria-de-educacion-en-el-estado-a-privilegiar-el-derecho-de-las-ninas-y-los-ninos-a-recibir-educacion\/","title":{"rendered":"CONMINA LA SECRETAR\u00cdA DE EDUCACI\u00d3N EN EL ESTADO A PRIVILEGIAR EL DERECHO DE LAS NI\u00d1AS Y LOS NI\u00d1OS A RECIBIR EDUCACI\u00d3N"},"content":{"rendered":"<p>Con el compromiso de privilegiar el derecho de las ni\u00f1as y los ni\u00f1os a recibir educaci\u00f3n, la Secretar\u00eda de Educaci\u00f3n en el Estado, a la par de reconocer la labor del personal administrativo y docente que participa en el proceso educativo, hace un \u00a0llamado para iniciar de manera puntual las actividades del ciclo escolar 2015-2016, cuya fecha de arranque oficial est\u00e1 marcada para el pr\u00f3ximo 24 de agosto.<\/p>\n<p>De tal forma convoca a los diversos sectores que intervienen en el proceso educativo, a sumar esfuerzos que contribuyan a la mejora del proceso de ense\u00f1anza-aprendizaje privilegiando el inter\u00e9s del alumnado.<\/p>\n<p>Por tanto, invita a los trabajadores de la educaci\u00f3n a continuar con la tarea de fortalecer la calidad acad\u00e9mica y emprender acciones en beneficio de la ni\u00f1ez y juventud michoacana.<\/p>\n<p>La Secretar\u00eda de Educaci\u00f3n en el Estado, reitera adem\u00e1s su compromiso de sostener las gestiones ante las instancias que corresponda y mantener abierto el di\u00e1logo para atender planteamientos de diversa \u00edndole que permitan por la v\u00eda pac\u00edfica concretar soluciones eficaces.<\/p>\n<p>De manera paralela, se insiste en el llamado a mantener las puertas abiertas de la sede central de esta dependencia estatal, en virtud de que se han atendido las peticiones legales solicitadas, y se conmina a reanudar actividades administrativas para seguir ofreciendo a la ciudadan\u00eda y a los trabajadores de la educaci\u00f3n los servicios pertinentes a fin de evitar atrasos en el arranque del nuevo ciclo escolar.<\/p>\n","protected":false},"excerpt":{"rendered":"<p>Con el compromiso de privilegiar el derecho de las ni\u00f1as y los ni\u00f1os a recibir educaci\u00f3n, la SEE, a la par de reconocer la labor del personal administrativo y docente que participa en el proceso educativo, hace un  llamado para iniciar de manera puntual las actividades del ciclo escolar 2015-2016, <\/p>\n","protected":false},"author":1,"featured_media":0,"comment_status":"open","ping_status":"open","sticky":false,"template":"","format":"standard","meta":{"footnotes":""},"categories":[3],"tags":[],"class_list":["post-17418","post","type-post","status-publish","format-standard","hentry","category-gobierno-del-estado-de-michoacan"],"_links":{"self":[{"href":"https:\/\/radiowebmx.com\/nota\/wp-json\/wp\/v2\/posts\/17418","targetHints":{"allow":["GET"]}}],"collection":[{"href":"https:\/\/radiowebmx.com\/nota\/wp-json\/wp\/v2\/posts"}],"about":[{"href":"https:\/\/radiowebmx.com\/nota\/wp-json\/wp\/v2\/types\/post"}],"author":[{"embeddable":true,"href":"https:\/\/radiowebmx.com\/nota\/wp-json\/wp\/v2\/users\/1"}],"replies":[{"embeddable":true,"href":"https:\/\/radiowebmx.com\/nota\/wp-json\/wp\/v2\/comments?post=17418"}],"version-history":[{"count":2,"href":"https:\/\/radiowebmx.com\/nota\/wp-json\/wp\/v2\/posts\/17418\/revisions"}],"predecessor-version":[{"id":17420,"href":"https:\/\/radiowebmx.com\/nota\/wp-json\/wp\/v2\/posts\/17418\/revisions\/17420"}],"wp:attachment":[{"href":"https:\/\/radiowebmx.com\/nota\/wp-json\/wp\/v2\/media?parent=17418"}],"wp:term":[{"taxonomy":"category","embeddable":true,"href":"https:\/\/radiowebmx.com\/nota\/wp-json\/wp\/v2\/categories?post=17418"},{"taxonomy":"post_tag","embeddable":true,"href":"https:\/\/radiowebmx.com\/nota\/wp-json\/wp\/v2\/tags?post=17418"}],"curies":[{"name":"wp","href":"https:\/\/api.w.org\/{rel}","templated":true}]}}