{"id":17409,"date":"2015-08-18T12:48:37","date_gmt":"2015-08-18T17:48:37","guid":{"rendered":"https:\/\/radiowebmx.com\/nota\/?p=17409"},"modified":"2015-08-18T12:48:37","modified_gmt":"2015-08-18T17:48:37","slug":"invita-ssm-a-xiii-congreso-estatal-de-enfermeria","status":"publish","type":"post","link":"https:\/\/radiowebmx.com\/nota\/invita-ssm-a-xiii-congreso-estatal-de-enfermeria\/","title":{"rendered":"INVITA SSM A XIII CONGRESO ESTATAL DE ENFERMER\u00cdA"},"content":{"rendered":"<p>Los d\u00edas 20 y 21 de agosto, el Departamento Estatal de Enfermer\u00eda de la Secretar\u00eda de Salud en Michoac\u00e1n (SSM), llevar\u00e1 a cabo en la capital michoacana el XIII Congreso Estatal de Enfermer\u00eda denominado \u201cPrimer Nivel de Atenci\u00f3n: Fortaleza y Prioridad en los Servicios de Salud\u201d, con el cual se busca actualizar los conocimientos del personal de este ramo.<\/p>\n<p>&nbsp;<\/p>\n<p>En conferencia de prensa, la jefa de dicho Departamento, Mar\u00eda Guadalupe B\u00e1ez Mart\u00ednez, coment\u00f3 que previo a este evento se desarrollar\u00e1n algunas otras actividades alusivas al mismo, entre las que destac\u00f3 el Pre- Congreso Estatal de Enfermer\u00eda: La Investigaci\u00f3n, una Herramienta Esencial en Enfermer\u00eda para los Procesos de Mejora.<\/p>\n<p>&nbsp;<\/p>\n<p>\u201cEste evento tendr\u00e1 lugar los d\u00edas 18 y 19 de agosto a partir de las 8:00 de la ma\u00f1ana en las instalaciones del Auditorio del Laboratorio Estatal de Salud P\u00fablica, donde se abordar\u00e1n temas de relevancia e inter\u00e9s para el desarrollo profesional de los participantes\u201d, exclam\u00f3.<\/p>\n<p>&nbsp;<\/p>\n<p>En su intervenci\u00f3n, Bertha Edith Merino S\u00e1mano, supervisora Estatal de Enfermer\u00eda del Primer Nivel de Atenci\u00f3n dio a conocer que, de igual manera, se efectuar\u00e1 el Primer Concurso de Carteles alusivos a la Promoci\u00f3n y Prevenci\u00f3n de la Salud, en el que participaron las ocho Jurisdicciones Sanitarias y Hospitales de la SSM.<\/p>\n<p>&nbsp;<\/p>\n<p>Asimismo, explic\u00f3 que el pr\u00f3ximo 19 de agosto, a partir de las 9:00 horas, en la Plaza del Carmen se llevar\u00e1 a cabo la X Feria de la Salud, donde se contar\u00e1 con la participaci\u00f3n de las Secretar\u00edas de Salud y de los J\u00f3venes, as\u00ed como de la Universidad Michoacana de San Nicol\u00e1s de Hidalgo (UMSNH).<\/p>\n<p>&nbsp;<\/p>\n<p>\u201cBuscamos contribuir en el autocuidado de la salud de la poblaci\u00f3n, mediante la educaci\u00f3n y promoci\u00f3n, de tal manera que en esta Feria se instalar\u00e1n 12 m\u00f3dulos: Adulto Mayor; Informaci\u00f3n de VIH\/SIDA, Vacunaci\u00f3n, Orientaci\u00f3n Alimentaria; Estimulaci\u00f3n Temprana; Tuberculosis; Adicciones; Lepra; Movilizaci\u00f3n de Lesiones; Prevenci\u00f3n de Accidentes; Juventud en Pro del Medio Ambiente; Derechos Sexuales y Reproductivos\u201d, dijo Merino S\u00e1mano.<\/p>\n<p>&nbsp;<\/p>\n<p>Antes de concluir, lanz\u00f3 la invitaci\u00f3n a todo el personal de Enfermer\u00eda para que participen en este XIII Congreso Estatal, donde podr\u00e1n adquirir nuevos conocimientos e intercambiar experiencias con m\u00e1s colegas.<\/p>\n<p>&nbsp;<\/p>\n<p>Cabe hacer menci\u00f3n que la inauguraci\u00f3n del Congreso ser\u00e1 el d\u00eda 20 de agosto a las 10:00 horas en el Sal\u00f3n Michoac\u00e1n del Centro de Convenciones.<\/p>\n<p>&nbsp;<\/p>\n<p>Para la clausura del evento, el 21 de agosto, se har\u00e1 la presentaci\u00f3n de la Gu\u00eda Pr\u00e1ctica Cl\u00ednica SS-744-15 \u201cIntervenciones de Enfermer\u00eda para la Prevenci\u00f3n de Quemaduras en el Hogar del Menor de 5 a\u00f1os de edad en el Primer Nivel de Atenci\u00f3n\u201d, \u00fanica en su tipo.<\/p>\n","protected":false},"excerpt":{"rendered":"<p>Los d\u00edas 20 y 21 de agosto, el Departamento Estatal de Enfermer\u00eda de la SSM, llevar\u00e1 a cabo en la capital michoacana el XIII Congreso Estatal de Enfermer\u00eda denominado \u201cPrimer Nivel de Atenci\u00f3n: Fortaleza y Prioridad en los Servicios de Salud\u201d,<\/p>\n","protected":false},"author":1,"featured_media":17410,"comment_status":"open","ping_status":"open","sticky":false,"template":"","format":"standard","meta":{"footnotes":""},"categories":[14,3],"tags":[],"class_list":["post-17409","post","type-post","status-publish","format-standard","has-post-thumbnail","hentry","category-destacadas","category-gobierno-del-estado-de-michoacan"],"_links":{"self":[{"href":"https:\/\/radiowebmx.com\/nota\/wp-json\/wp\/v2\/posts\/17409","targetHints":{"allow":["GET"]}}],"collection":[{"href":"https:\/\/radiowebmx.com\/nota\/wp-json\/wp\/v2\/posts"}],"about":[{"href":"https:\/\/radiowebmx.com\/nota\/wp-json\/wp\/v2\/types\/post"}],"author":[{"embeddable":true,"href":"https:\/\/radiowebmx.com\/nota\/wp-json\/wp\/v2\/users\/1"}],"replies":[{"embeddable":true,"href":"https:\/\/radiowebmx.com\/nota\/wp-json\/wp\/v2\/comments?post=17409"}],"version-history":[{"count":1,"href":"https:\/\/radiowebmx.com\/nota\/wp-json\/wp\/v2\/posts\/17409\/revisions"}],"predecessor-version":[{"id":17411,"href":"https:\/\/radiowebmx.com\/nota\/wp-json\/wp\/v2\/posts\/17409\/revisions\/17411"}],"wp:featuredmedia":[{"embeddable":true,"href":"https:\/\/radiowebmx.com\/nota\/wp-json\/wp\/v2\/media\/17410"}],"wp:attachment":[{"href":"https:\/\/radiowebmx.com\/nota\/wp-json\/wp\/v2\/media?parent=17409"}],"wp:term":[{"taxonomy":"category","embeddable":true,"href":"https:\/\/radiowebmx.com\/nota\/wp-json\/wp\/v2\/categories?post=17409"},{"taxonomy":"post_tag","embeddable":true,"href":"https:\/\/radiowebmx.com\/nota\/wp-json\/wp\/v2\/tags?post=17409"}],"curies":[{"name":"wp","href":"https:\/\/api.w.org\/{rel}","templated":true}]}}