{"id":17406,"date":"2015-08-18T12:17:39","date_gmt":"2015-08-18T17:17:39","guid":{"rendered":"https:\/\/radiowebmx.com\/nota\/?p=17406"},"modified":"2015-08-18T12:17:39","modified_gmt":"2015-08-18T17:17:39","slug":"mensaje-anteriormensaje-siguientevolver-a-los-mensajes-pie-de-foto","status":"publish","type":"post","link":"https:\/\/radiowebmx.com\/nota\/mensaje-anteriormensaje-siguientevolver-a-los-mensajes-pie-de-foto\/","title":{"rendered":"Mensaje anteriorMensaje siguienteVolver a los mensajes PIE DE FOTO"},"content":{"rendered":"<p>El presidente municipal de Morelia, Salvador Abud Mirabent, particip\u00f3 en la inauguraci\u00f3n de las oficinas de la Direcci\u00f3n General en Michoac\u00e1n del Colegio Nacional de Educaci\u00f3n Profesional T\u00e9cnica, ubicadas en la comunidad San Jos\u00e9 del Cerrito de la capital michoacana. El evento fue encabezado por el gobernador de Michoac\u00e1n, Salvador Jara Guerrero, y la titular del Conalep en el pa\u00eds, Candita Victoria Gil Jim\u00e9nez, quienes, junto al edil moreliano, realizaron un recorrido por las nuevas instalaciones.<\/p>\n","protected":false},"excerpt":{"rendered":"<p>El presidente municipal de Morelia, Salvador Abud Mirabent, particip\u00f3 en la inauguraci\u00f3n de las oficinas de la Direcci\u00f3n General en Michoac\u00e1n del Colegio Nacional de Educaci\u00f3n Profesional T\u00e9cnica, ubicadas en la comunidad San Jos\u00e9 del Cerrito de la capital michoacana.<\/p>\n","protected":false},"author":1,"featured_media":17407,"comment_status":"open","ping_status":"open","sticky":false,"template":"","format":"standard","meta":{"footnotes":""},"categories":[14,9],"tags":[],"class_list":["post-17406","post","type-post","status-publish","format-standard","has-post-thumbnail","hentry","category-destacadas","category-morelia"],"_links":{"self":[{"href":"https:\/\/radiowebmx.com\/nota\/wp-json\/wp\/v2\/posts\/17406","targetHints":{"allow":["GET"]}}],"collection":[{"href":"https:\/\/radiowebmx.com\/nota\/wp-json\/wp\/v2\/posts"}],"about":[{"href":"https:\/\/radiowebmx.com\/nota\/wp-json\/wp\/v2\/types\/post"}],"author":[{"embeddable":true,"href":"https:\/\/radiowebmx.com\/nota\/wp-json\/wp\/v2\/users\/1"}],"replies":[{"embeddable":true,"href":"https:\/\/radiowebmx.com\/nota\/wp-json\/wp\/v2\/comments?post=17406"}],"version-history":[{"count":1,"href":"https:\/\/radiowebmx.com\/nota\/wp-json\/wp\/v2\/posts\/17406\/revisions"}],"predecessor-version":[{"id":17408,"href":"https:\/\/radiowebmx.com\/nota\/wp-json\/wp\/v2\/posts\/17406\/revisions\/17408"}],"wp:featuredmedia":[{"embeddable":true,"href":"https:\/\/radiowebmx.com\/nota\/wp-json\/wp\/v2\/media\/17407"}],"wp:attachment":[{"href":"https:\/\/radiowebmx.com\/nota\/wp-json\/wp\/v2\/media?parent=17406"}],"wp:term":[{"taxonomy":"category","embeddable":true,"href":"https:\/\/radiowebmx.com\/nota\/wp-json\/wp\/v2\/categories?post=17406"},{"taxonomy":"post_tag","embeddable":true,"href":"https:\/\/radiowebmx.com\/nota\/wp-json\/wp\/v2\/tags?post=17406"}],"curies":[{"name":"wp","href":"https:\/\/api.w.org\/{rel}","templated":true}]}}