{"id":17403,"date":"2015-08-18T12:14:36","date_gmt":"2015-08-18T17:14:36","guid":{"rendered":"https:\/\/radiowebmx.com\/nota\/?p=17403"},"modified":"2015-08-18T12:14:36","modified_gmt":"2015-08-18T17:14:36","slug":"michoacan-ha-logrado-avances-solidos-para-su-desarrollo-pero-no-hay-que-echar-campanas-al-vuelo-salvador-jara","status":"publish","type":"post","link":"https:\/\/radiowebmx.com\/nota\/michoacan-ha-logrado-avances-solidos-para-su-desarrollo-pero-no-hay-que-echar-campanas-al-vuelo-salvador-jara\/","title":{"rendered":"MICHOAC\u00c1N HA LOGRADO AVANCES S\u00d3LIDOS PARA SU DESARROLLO, PERO NO HAY QUE ECHAR CAMPANAS AL VUELO: SALVADOR JARA"},"content":{"rendered":"<p>El gobernador Salvador Jara Guerrero recalc\u00f3 a los integrantes de su gabinete que su obligaci\u00f3n como funcionarios p\u00fablicos es informar a los michoacanos, con transparencia y veracidad, sobre el estado que guarda la administraci\u00f3n p\u00fablica, y que las nuevas autoridades cuenten con la informaci\u00f3n necesaria para tomar buenas decisiones.<\/p>\n<p>Lo anterior, durante la reuni\u00f3n de Gabinete en la que el encargado de despacho de la Procuradur\u00eda General de Justicia del Estado (PGJE) y los secretarios de Salud (SSM), y Comunicaciones y Obras P\u00fablicas (SCOP), presentaron un\u00a0 informe de las acciones m\u00e1s relevantes durante la administraci\u00f3n de Jara Guerrero. El pr\u00f3ximo lunes har\u00e1n lo propio los secretarios de Educaci\u00f3n, y de Finanzas y Administraci\u00f3n.<\/p>\n<p>El titular del ejecutivo en Michoac\u00e1n puntualiz\u00f3 que la rendici\u00f3n de cuentas por sector, previa al Informe de Gobierno que realizar\u00e1 el 31 de agosto, tiene como objetivo ofrecer a la ciudadan\u00eda informaci\u00f3n detallada del ejercicio gubernamental y\u00a0aclarar dudas; \u201cuno ve declaraciones de muchos actores y las cifras con\u00a0 frecuencia no coinciden. Hacemos esto en aras de la trasparencia y de que los michoacanos tengan datos de primera mano\u201d.<\/p>\n<p>Al iniciar los trabajos de la reuni\u00f3n de Gabinete, el secretario de Gobierno Jaime Esparza Cortina, refiri\u00f3 que la gesti\u00f3n de Jara Guerrero comenz\u00f3 en un contexto de condiciones complicadas; no obstante, asegur\u00f3 que en octubre pr\u00f3ximo ser\u00e1 entregada \u201cuna administraci\u00f3n ordenada y transparente\u201d.<\/p>\n<p>Carlos Aranza Doniz, secretario de Salud, destac\u00f3 que se han invertido m\u00e1s de mil 100 millones de pesos en mejor\u00eda, ampliaci\u00f3n y creaci\u00f3n de nueva infraestructura hospitalaria en Apatzing\u00e1n, Zit\u00e1cuaro y Morelia. Adem\u00e1s, se cre\u00f3 la Casa del Adolescente que pone a disposici\u00f3n de la poblaci\u00f3n un nuevo modelo de atenci\u00f3n integral dirigido a dicho sector poblacional.<\/p>\n<p>A\u00f1adi\u00f3 que adem\u00e1s de reducir considerablemente el desabasto de medicamentos en el estado, se lograron importantes avances en lo que concierne a los servicios de salud; Michoac\u00e1n pas\u00f3 de ocupar el doceavo lugar al sitio 19 a nivel nacional en cuanto a incidencia de muerte materna, y en la entidad se redujo en 50 por ciento la incidencia de mortalidad infantil.<\/p>\n<p>Adem\u00e1s de las acciones que benefician directamente a la poblaci\u00f3n, Aranza Doniz subray\u00f3 que se emprendieron diversas estrategias a nivel administrativo para optimizar el empleo de recursos materiales y humanos,\u00a0 y se definieron lineamientos para llevar a cabo un gasto eficiente y transparente del recurso p\u00fablico asignado a la dependencia.<\/p>\n<p>Por su parte, Jaime Camacho Moreno, secretario de Comunicaciones y Obras P\u00fablicas (SCOP), comparti\u00f3 con el Gabinete que\u00a0 durante la administraci\u00f3n de Salvador Jara han sido invertidos m\u00e1s de 326 millones de pesos en carreteras, caminos, puentes y vialidades, lo que representa un beneficio para casi 3 millones de michoacanos.<\/p>\n<p>A trav\u00e9s del Instituto de Infraestructura F\u00edsica Educativa, el Gobierno del Estado ha invertido m\u00e1s de 430 millones de pesos, de los cuales el 90 por ciento se destin\u00f3 a construcci\u00f3n de aulas, anexos, talleres y laboratorios, y el 10 por ciento del presupuesto fue invertido en rehabilitaci\u00f3n.<\/p>\n<p>En cuanto al trabajo realizado por la Procuradur\u00eda General de Justicia del Estado (PGJE), el encargado del despacho Jaime Rodr\u00edguez Aguilar, destac\u00f3 que se ha judicializado el 20 por ciento de las averiguaciones previas iniciadas, es decir 7 mil 149, de las cuales el 46 por ciento son con detenido. Durante el periodo informado, abund\u00f3, se obtuvieron 4 mil 665 autos de formal prisi\u00f3n, y 3 mil 110 sentencias condenatorias.<\/p>\n<p>La efectividad en las acciones de procuraci\u00f3n de justicia contribuye tambi\u00e9n a la reducci\u00f3n de los \u00edndices delictivos; la incidencia delictiva global en Michoac\u00e1n se redujo 14 por ciento respecto al periodo anterior, por lo que Michoac\u00e1n se ubica en el lugar 18 a nivel nacional en\u00a0este tema.<\/p>\n<p>Detall\u00f3 que el gobernador Jara Guerrero podr\u00e1 dar cuenta en su Informe de Gobierno que la incidencia de secuestros se ha reducido un 83 por ciento, el delito de extorsi\u00f3n disminuy\u00f3 en 73 por ciento, el homicidio doloso en 32 por ciento, y el robo de veh\u00edculo un 8.5 por ciento.<\/p>\n<p>Despu\u00e9s de escuchar la rendici\u00f3n de cuentas de los titulares de SSM y SCOP, as\u00ed como del encargado de la PGJE, el gobernador coment\u00f3:\u00a0 \u201chay que comparar las cifras de lo que ocurr\u00eda hace un a\u00f1o y medio, aproximadamente, con lo que est\u00e1 ocurriendo ahora y vemos avances\u00a0 importantes, s\u00f3lidos; sin embargo, no debemos echar campanas al vuelo\u201d.<\/p>\n<p>En ese tenor, el encargado de la pol\u00edtica interna Jaime Esparza, manifest\u00f3 que en la administraci\u00f3n de Salvador Jara se han vivido \u201cd\u00edas muy largos\u201d cuando se enfrentan retos complejos, \u201cpero a la vez, los meses han sido muy cortos porque quisi\u00e9ramos hacer todo lo que est\u00e9 a nuestro alcance\u201d.<\/p>\n<p>A la reuni\u00f3n de Gabinete tambi\u00e9n asistieron V\u00edctor Manuel Maga\u00f1a Garc\u00eda, secretario de Seguridad P\u00fablica; \u00a0Luis G\u00e1lvez Ant\u00fanez, secretario de Desarrollo Econ\u00f3mico; Carlos Javier \u00c1vila Pedraza, secretario de Turismo en el Estado; Eugenio Trevi\u00f1o Garc\u00eda, secretario de Desarrollo Rural; \u00a0Ivo Antonio Guti\u00e9rrez Pulido, secretario de Urbanismo y Medio Ambiente; \u00a0Armando Sep\u00falveda L\u00f3pez, secretario de Educaci\u00f3n; Horacio Guillermo D\u00edaz Mora, secretario de Pol\u00edtica Social; Martha Josefina Rodr\u00edguez Casillas, secretaria de Pueblos Ind\u00edgenas; \u00a0Marisol Aguilar Aguilar, secretaria de la Mujer ; Ana Brasilia Espino Sandoval, secretaria de los J\u00f3venes; Luis Carlos Ch\u00e1vez Santacruz, secretario del Migrante; \u00a0Alexandro L\u00f3pez C\u00e1rdenas,\u00a0 coordinador de Planeaci\u00f3n para el Desarrollo; \u00a0Georgina Morales Guti\u00e9rrez, coordinadora General de Comunicaci\u00f3n Social, y Mariana Sosa Olmeda, directora general del DIF Michoac\u00e1n.<\/p>\n","protected":false},"excerpt":{"rendered":"<p>El gobernador Salvador Jara Guerrero recalc\u00f3 a los integrantes de su gabinete que su obligaci\u00f3n como funcionarios p\u00fablicos es informar a los michoacanos, con transparencia y veracidad, sobre el estado que guarda la administraci\u00f3n p\u00fablica, <\/p>\n","protected":false},"author":1,"featured_media":17404,"comment_status":"open","ping_status":"open","sticky":false,"template":"","format":"standard","meta":{"footnotes":""},"categories":[14,3],"tags":[],"class_list":["post-17403","post","type-post","status-publish","format-standard","has-post-thumbnail","hentry","category-destacadas","category-gobierno-del-estado-de-michoacan"],"_links":{"self":[{"href":"https:\/\/radiowebmx.com\/nota\/wp-json\/wp\/v2\/posts\/17403","targetHints":{"allow":["GET"]}}],"collection":[{"href":"https:\/\/radiowebmx.com\/nota\/wp-json\/wp\/v2\/posts"}],"about":[{"href":"https:\/\/radiowebmx.com\/nota\/wp-json\/wp\/v2\/types\/post"}],"author":[{"embeddable":true,"href":"https:\/\/radiowebmx.com\/nota\/wp-json\/wp\/v2\/users\/1"}],"replies":[{"embeddable":true,"href":"https:\/\/radiowebmx.com\/nota\/wp-json\/wp\/v2\/comments?post=17403"}],"version-history":[{"count":1,"href":"https:\/\/radiowebmx.com\/nota\/wp-json\/wp\/v2\/posts\/17403\/revisions"}],"predecessor-version":[{"id":17405,"href":"https:\/\/radiowebmx.com\/nota\/wp-json\/wp\/v2\/posts\/17403\/revisions\/17405"}],"wp:featuredmedia":[{"embeddable":true,"href":"https:\/\/radiowebmx.com\/nota\/wp-json\/wp\/v2\/media\/17404"}],"wp:attachment":[{"href":"https:\/\/radiowebmx.com\/nota\/wp-json\/wp\/v2\/media?parent=17403"}],"wp:term":[{"taxonomy":"category","embeddable":true,"href":"https:\/\/radiowebmx.com\/nota\/wp-json\/wp\/v2\/categories?post=17403"},{"taxonomy":"post_tag","embeddable":true,"href":"https:\/\/radiowebmx.com\/nota\/wp-json\/wp\/v2\/tags?post=17403"}],"curies":[{"name":"wp","href":"https:\/\/api.w.org\/{rel}","templated":true}]}}