{"id":17361,"date":"2015-08-17T12:13:34","date_gmt":"2015-08-17T17:13:34","guid":{"rendered":"https:\/\/radiowebmx.com\/nota\/?p=17361"},"modified":"2015-08-17T12:13:34","modified_gmt":"2015-08-17T17:13:34","slug":"hasta-el-ultimo-dia-de-mi-gestion-buscare-apoyos-para-atletas-michoacanos-sjg","status":"publish","type":"post","link":"https:\/\/radiowebmx.com\/nota\/hasta-el-ultimo-dia-de-mi-gestion-buscare-apoyos-para-atletas-michoacanos-sjg\/","title":{"rendered":"HASTA EL \u00daLTIMO D\u00cdA DE MI GESTI\u00d3N BUSCAR\u00c9 APOYOS PARA ATLETAS MICHOACANOS: SJG"},"content":{"rendered":"<p>Al participar en el primer marat\u00f3n del estado &#8220;Moviendo a Michoac\u00e1n&#8221;, el gobernador Salvador Jara, asegur\u00f3 que durante su gesti\u00f3n se ha logrado una importante promoci\u00f3n del deporte entre los j\u00f3venes y se comprometi\u00f3 a buscar hasta el \u00faltimo minuto, apoyos para aquellos atletas de alto rendimiento que han colocado al estado en destacadas posiciones en importantes escenarios deportivos.<\/p>\n<p>Con la participaci\u00f3n de mil corredores, el gobernador Salvador Jara Guerrero, dio el disparo del primer marat\u00f3n que se organiza en el estado, que adem\u00e1s de promover la activaci\u00f3n f\u00edsica en el marco de la Semana Estatal de la Juventud, busca posicionarse como un producto tur\u00edstico, ya que acudieron participantes de otras entidades e incluso de otras nacionalidades.<\/p>\n<p>Luego de dar la salida oficial a los corredores del marat\u00f3n (42 kil\u00f3metros), a las 7 de la ma\u00f1ana con 10 minutos, el mandatario estatal parti\u00f3 con los participantes del medio marat\u00f3n (21 kil\u00f3metros), en compa\u00f1\u00eda del secretario de Comunicaciones y Obras P\u00fablicas, Jaime Camacho Moreno.<\/p>\n<p>Tras cruzar la meta, en entrevista reiter\u00f3 que hasta el \u00faltimo momento de su gobierno, gestionar\u00e1 ante la federaci\u00f3n, en especial ante la Comisi\u00f3n Nacional de Cultura F\u00edsica y Deporte (Conade), recursos para atletas de alto rendimiento, a fin de que no tengan que buscar en otros estados alternativas para su desarrollo profesional.<\/p>\n<p>Cabe mencionar que con el marat\u00f3n &#8220;Moviendo a Michoac\u00e1n&#8221;, organizado por la Secretar\u00eda de los J\u00f3venes en coordinaci\u00f3n con la Comisi\u00f3n Estatal de Cultura F\u00edsica y Deporte (Cecufid), con el apoyo de diversas dependencias, cierran de manera oficial las actividades de la Semana Estatal de la Juventud.<\/p>\n<p>En el marat\u00f3n, el primero que se realiza en la entidad, participaron 150 atletas; en el medio marat\u00f3n 548 corredores, 152 personas en la carrera de 10 kil\u00f3metros y 150 para los 5 kil\u00f3metros, dando un total de mil participantes.<\/p>\n<p>Tambi\u00e9n fueron testigos de esta fiesta deportiva, la presidenta del DIF Michoac\u00e1n, Catherine Ettinger de Jara; la secretaria de los J\u00f3venes, Ana Brasilia Espino Sandoval; el encargado de la Secretar\u00eda de Seguridad P\u00fablica, V\u00edctor Manuel Maga\u00f1a Garc\u00eda; la directora del Sistema DIF Estatal, Mariana Sosa Olmeda; la responsable de Cecufid, Ruth Huipe Estrada; entre otros integrantes del Gabinete estatal.<\/p>\n","protected":false},"excerpt":{"rendered":"<p>Al participar en el primer marat\u00f3n del estado &#8220;Moviendo a Michoac\u00e1n&#8221;, el gobernador SJG, asegur\u00f3 que durante su gesti\u00f3n se ha logrado una importante promoci\u00f3n del deporte entre los j\u00f3venes y se comprometi\u00f3 a buscar hasta el \u00faltimo minuto, <\/p>\n","protected":false},"author":1,"featured_media":0,"comment_status":"open","ping_status":"open","sticky":false,"template":"","format":"standard","meta":{"footnotes":""},"categories":[3],"tags":[],"class_list":["post-17361","post","type-post","status-publish","format-standard","hentry","category-gobierno-del-estado-de-michoacan"],"_links":{"self":[{"href":"https:\/\/radiowebmx.com\/nota\/wp-json\/wp\/v2\/posts\/17361","targetHints":{"allow":["GET"]}}],"collection":[{"href":"https:\/\/radiowebmx.com\/nota\/wp-json\/wp\/v2\/posts"}],"about":[{"href":"https:\/\/radiowebmx.com\/nota\/wp-json\/wp\/v2\/types\/post"}],"author":[{"embeddable":true,"href":"https:\/\/radiowebmx.com\/nota\/wp-json\/wp\/v2\/users\/1"}],"replies":[{"embeddable":true,"href":"https:\/\/radiowebmx.com\/nota\/wp-json\/wp\/v2\/comments?post=17361"}],"version-history":[{"count":1,"href":"https:\/\/radiowebmx.com\/nota\/wp-json\/wp\/v2\/posts\/17361\/revisions"}],"predecessor-version":[{"id":17362,"href":"https:\/\/radiowebmx.com\/nota\/wp-json\/wp\/v2\/posts\/17361\/revisions\/17362"}],"wp:attachment":[{"href":"https:\/\/radiowebmx.com\/nota\/wp-json\/wp\/v2\/media?parent=17361"}],"wp:term":[{"taxonomy":"category","embeddable":true,"href":"https:\/\/radiowebmx.com\/nota\/wp-json\/wp\/v2\/categories?post=17361"},{"taxonomy":"post_tag","embeddable":true,"href":"https:\/\/radiowebmx.com\/nota\/wp-json\/wp\/v2\/tags?post=17361"}],"curies":[{"name":"wp","href":"https:\/\/api.w.org\/{rel}","templated":true}]}}