{"id":17333,"date":"2015-08-14T13:03:08","date_gmt":"2015-08-14T18:03:08","guid":{"rendered":"https:\/\/radiowebmx.com\/nota\/?p=17333"},"modified":"2015-08-14T13:03:08","modified_gmt":"2015-08-14T18:03:08","slug":"gobierno-de-michoacan-firma-la-carta-compromiso-por-michoacan-para-avanzar-en-alfabetizacion-y-promover-la-lectura","status":"publish","type":"post","link":"https:\/\/radiowebmx.com\/nota\/gobierno-de-michoacan-firma-la-carta-compromiso-por-michoacan-para-avanzar-en-alfabetizacion-y-promover-la-lectura\/","title":{"rendered":"GOBIERNO DE MICHOAC\u00c1N FIRMA LA CARTA COMPROMISO POR MICHOAC\u00c1N PARA AVANZAR EN ALFABETIZACI\u00d3N Y PROMOVER LA LECTURA"},"content":{"rendered":"<p>El Gobierno del Estado, el Instituto Nacional para la Educaci\u00f3n de los Adultos (INEA), el Consejo \u00a0de la Comunicaci\u00f3n y m\u00e1s de 70 instituciones y organizaciones \u00a0de la sociedad civil firmaron la carta Compromiso por Michoac\u00e1n. \u201cAprender hoy, para escribir el ma\u00f1ana\u201d, en virtud de la cual impulsar\u00e1n acciones transversales de alfabetizaci\u00f3n y promoci\u00f3n de la lectura con el prop\u00f3sito de ofrecer a la ciudadan\u00eda herramientas que contribuyan a elevar su calidad de vida.<\/p>\n<p>&nbsp;<\/p>\n<p>Durante la firma de la carta en Casa de Gobierno, encabezada por el mandatario estatal Salvador Jara Guerrero, el presidente ejecutivo del Consejo de la Comunicaci\u00f3n, Salvador Villalobos G\u00f3mez, manifest\u00f3 que es un orgullo que Michoac\u00e1n sea la primera entidad del pa\u00eds que firma un compromiso de semejante importancia para el desarrollo individual y social.<\/p>\n<p>&nbsp;<\/p>\n<p>Jara Guerrero recalc\u00f3 que su gobierno suscribe el \u201cReto Michoac\u00e1n\u201d con la convicci\u00f3n de que trabajar en la alfabetizaci\u00f3n y promover la lectura \u00a0\u201ces fundamental no solo para el desarrollo econ\u00f3mico, sino para el bienestar de la gente. Queremos que Michoac\u00e1n y cada uno de los michoacanos \u00a0mejoren su calidad de vida\u201d.<\/p>\n<p>&nbsp;<\/p>\n<p>El llamado Reto Michoac\u00e1n busca, entre otros objetivos, sumar 2 mil voluntarios que promuevan \u00a0servicios de alfabetizaci\u00f3n y educaci\u00f3n b\u00e1sica en cada vivienda, cada barrio y localidad, para ense\u00f1ar y aprender lecciones de vida, puntualiz\u00f3 Alfredo Llorente Mart\u00ednez, director general del INEA.<\/p>\n<p>&nbsp;<\/p>\n<p>Las instancias educativas, empresariales, de la sociedad civil y medios de comunicaci\u00f3n que se adhieren al Compromiso por Michoac\u00e1n, asumen la responsabilidad de aportar su capital humano para la realizaci\u00f3n de acciones de alfabetizaci\u00f3n y promoci\u00f3n de la lectura; otorgar a sus trabajadores y colaboradores 2 horas a la semana que ser\u00e1n dedicadas a educarse mediante la lectura, propiciar la creaci\u00f3n de c\u00edrculos de estudio, y realizar activismo social en favor de la ense\u00f1anza de la lecto-escritura.<\/p>\n<p>&nbsp;<\/p>\n<p>Ante representantes de c\u00e1maras empresariales, de medios de comunicaci\u00f3n, directivos de instituciones educativas y funcionarios de los tres niveles de gobierno, Salvador Jara dijo que a\u00fan m\u00e1s importante que la aportaci\u00f3n econ\u00f3mica que se realice a esta campa\u00f1a, \u201ces la voluntad ciudadana de participar en estos proyectos\u201d.<\/p>\n<p>Al tiempo que se comprometi\u00f3 a alfabetizar a una persona, el gobernador convoc\u00f3 a todos los presentes a hacer lo mismo; \u201char\u00edamos un maravilloso bien a todo Michoac\u00e1n\u201d, expres\u00f3.<\/p>\n<p>&nbsp;<\/p>\n<p>En ese mismo tenor, \u00a0Villalobos G\u00f3mez recalc\u00f3 que \u201cno hay esfuerzos ni actores peque\u00f1os, tampoco espacios que no sean relevantes para poder incidir\u00a0 en la transformaci\u00f3n que Michoac\u00e1n demanda hoy mismo. \u00a1No hay ma\u00f1ana, es hoy!\u201d<\/p>\n<p>&nbsp;<\/p>\n<p>Con el prop\u00f3sito de dar un referente de los alcances que puede tener el Compromiso por Michoac\u00e1n, Alfredo Llorente refiri\u00f3 que el INEA, en alianza estrat\u00e9gica con el Consejo de la Comunicaci\u00f3n, impulsaron la campa\u00f1a<i>\u00a0\u00a0Lo que importa est\u00e1 en tu cabeza: Aprende, Lee, Ense\u00f1a y Difunde<\/i>,\u00a0 que a un a\u00f1o de su implementaci\u00f3n logr\u00f3 en 2014 y el primer semestre de 2015 \u00a0que 316 mil 683 personas aprendieran\u00a0 a leer y escribir; 297 mil 681 han concluido la primaria y 738 mil 152 han obtenido su certificado de secundaria en todo el pa\u00eds.\u00a0 Esto nos da un total de 1 mill\u00f3n 352 mil 516 mexicanos atendidos, de una meta de 7.5 millones.<\/p>\n<p>&nbsp;<\/p>\n<p><b>Michoac\u00e1n en cifras<\/b><\/p>\n<p>En Michoac\u00e1n el 10.2 por ciento \u00a0de\u00a0 la poblaci\u00f3n mayor a 15 a\u00f1os,\u00a0 es decir 305 mil 178 personas, se encuentran en condici\u00f3n de analfabetismo. \u201cSi queremos alcanzar la meta de hacer de M\u00e9xico un pa\u00eds de lectores, necesitamos ir a la ra\u00edz: no podemos dejar de lado\u00a0 a las personas que no saben leer y escribir\u201d, sentenci\u00f3 el presidente ejecutivo del Consejo de la Comunicaci\u00f3n, y recalc\u00f3 que ante esa realidad es que se ha considerado a nuestro estado prioritario para iniciar una campa\u00f1a como la que se puso en marcha este d\u00eda.<\/p>\n<p>&nbsp;<\/p>\n<p>El gobernador Salvador Jara reconoci\u00f3 que en nuestro estado la Direcci\u00f3n General del INEA y su Delegaci\u00f3n en Michoac\u00e1n \u201chan trabajado muy fuerte\u201d en coordinaci\u00f3n con el gobierno estatal, \u201cy se ha hecho bien la tarea\u201d, toda vez que se fij\u00f3 la meta de alfabetizar a 30 mil personas entre el a\u00f1o 2012 y finales del 2015, pero ese objetivo se alcanzar\u00e1 en el mes de septiembre, por lo que cerrar\u00e1n el a\u00f1o con un n\u00famero mayor al concebido inicialmente.<\/p>\n<p>&nbsp;<\/p>\n<p>Tan s\u00f3lo este a\u00f1o, a trav\u00e9s de las acciones del Plan Michoac\u00e1n, \u00a0han sido alfabetizados 7 mil\u00a0 489 j\u00f3venes y adultos, 3 mil 89 han concluido la primaria y 7 mil 178\u00a0 han obtenido su certificado de secundaria, apunt\u00f3 Llorente Mart\u00ednez.<\/p>\n<p>&nbsp;<\/p>\n<p>\u201cEs un buen d\u00eda para conocer y reconocer lo que se hace en Michoac\u00e1n, y much\u00edsimas cosas se hacen bien\u201d, afirm\u00f3 el delegado del INEA en Michoac\u00e1n, Juan Jos\u00e9 D\u00edaz Barriga, en raz\u00f3n de que nuestro estado, a un a\u00f1o de la implementaci\u00f3n de la Campa\u00f1a Nacional de Alfabetizaci\u00f3n y Abatimiento del Rezago Educativo, en 2014 fue el primer lugar nacional en incorporaci\u00f3n, y en abril pasado tambi\u00e9n fue l\u00edder en ese mismo sentido.<\/p>\n<p>Acompa\u00f1aron al gobernador en la firma del Compromiso por Michoac\u00e1n Salvador Abud Mirabent, presidente municipal de Morelia; Susana Maga\u00f1a Barajas, directora de Concertaci\u00f3n y Alianzas Estrat\u00e9gicas del INEA; Armando Sep\u00falveda L\u00f3pez, secretario de Educaci\u00f3n del Estado de Michoac\u00e1n; \u00a0Medardo Serna Gonz\u00e1lez, rector de la UMSNH; \u00a0Mercedes Calder\u00f3n Garc\u00eda, directora del Centro de Cooperaci\u00f3n Regional para la Educaci\u00f3n de Adultos en Am\u00e9rica Latina y el Caribe (CREFAL); Juan Carlos Osio Laris, presidente de la CIRT Michoac\u00e1n, y \u00a0Ram\u00f3n Ram\u00edrez Guzm\u00e1n, director de Relaciones P\u00fablicas de Cin\u00e9polis, entre otros.<\/p>\n<p align=\"center\"><b><br \/>\n<\/b><b><\/b><\/p>\n","protected":false},"excerpt":{"rendered":"<p>El Gobierno del Estado, el INEA, el Consejo  de la Comunicaci\u00f3n y m\u00e1s de 70 instituciones y organizaciones  de la sociedad civil firmaron la carta Compromiso por Michoac\u00e1n. \u201cAprender hoy, para escribir el ma\u00f1ana\u201d,<\/p>\n","protected":false},"author":1,"featured_media":17334,"comment_status":"open","ping_status":"open","sticky":false,"template":"","format":"standard","meta":{"footnotes":""},"categories":[14,3],"tags":[],"class_list":["post-17333","post","type-post","status-publish","format-standard","has-post-thumbnail","hentry","category-destacadas","category-gobierno-del-estado-de-michoacan"],"_links":{"self":[{"href":"https:\/\/radiowebmx.com\/nota\/wp-json\/wp\/v2\/posts\/17333","targetHints":{"allow":["GET"]}}],"collection":[{"href":"https:\/\/radiowebmx.com\/nota\/wp-json\/wp\/v2\/posts"}],"about":[{"href":"https:\/\/radiowebmx.com\/nota\/wp-json\/wp\/v2\/types\/post"}],"author":[{"embeddable":true,"href":"https:\/\/radiowebmx.com\/nota\/wp-json\/wp\/v2\/users\/1"}],"replies":[{"embeddable":true,"href":"https:\/\/radiowebmx.com\/nota\/wp-json\/wp\/v2\/comments?post=17333"}],"version-history":[{"count":1,"href":"https:\/\/radiowebmx.com\/nota\/wp-json\/wp\/v2\/posts\/17333\/revisions"}],"predecessor-version":[{"id":17335,"href":"https:\/\/radiowebmx.com\/nota\/wp-json\/wp\/v2\/posts\/17333\/revisions\/17335"}],"wp:featuredmedia":[{"embeddable":true,"href":"https:\/\/radiowebmx.com\/nota\/wp-json\/wp\/v2\/media\/17334"}],"wp:attachment":[{"href":"https:\/\/radiowebmx.com\/nota\/wp-json\/wp\/v2\/media?parent=17333"}],"wp:term":[{"taxonomy":"category","embeddable":true,"href":"https:\/\/radiowebmx.com\/nota\/wp-json\/wp\/v2\/categories?post=17333"},{"taxonomy":"post_tag","embeddable":true,"href":"https:\/\/radiowebmx.com\/nota\/wp-json\/wp\/v2\/tags?post=17333"}],"curies":[{"name":"wp","href":"https:\/\/api.w.org\/{rel}","templated":true}]}}