{"id":17324,"date":"2015-08-14T12:10:37","date_gmt":"2015-08-14T17:10:37","guid":{"rendered":"https:\/\/radiowebmx.com\/nota\/?p=17324"},"modified":"2015-08-14T12:10:37","modified_gmt":"2015-08-14T17:10:37","slug":"con-opera-contemporanea-morelia-reafirma-su-vocacion-cultural-abud","status":"publish","type":"post","link":"https:\/\/radiowebmx.com\/nota\/con-opera-contemporanea-morelia-reafirma-su-vocacion-cultural-abud\/","title":{"rendered":"Con \u00d3pera contempor\u00e1nea, Morelia  reafirma su vocaci\u00f3n cultural: Abud"},"content":{"rendered":"<p>Con el impulso del nuevo<b>\u00a0<\/b>Festival de Arte y \u00d3pera Contempor\u00e1nea (FOCO), que se realizar\u00e1 del\u00a023 al 30 de agosto del 2015,\u00a0se reafirma la vocaci\u00f3n de Morelia como destino cultural de M\u00e9xico, asegur\u00f3 el alcalde Salvador Abud Mirabent, durante el anuncio de este escaparate art\u00edstico, con el que ser\u00e1 concluido el ejercicio de la presente administraci\u00f3n local.<\/p>\n<p>&nbsp;<\/p>\n<p>El edil moreliano celebr\u00f3 que la m\u00fasica y el arte representen la esencia de la \u201cCiudad de la Cantera Rosa\u201d como capital de la cultura, a la vez que FOCO robustece la cartelera de eventos que se ofrecen de manera gratuita para la ciudadan\u00eda y los visitantes.<\/p>\n<p>&nbsp;<\/p>\n<p>Abud Mirabent dijo que en coordinaci\u00f3n con el Consejo Nacional para la Cultura y las Artes (Conaculta) y la iniciativa privada, es posible presentar un nuevo festival que abona al desarrollo de la cultura del municipio, a la vez que se refuerza la identidad de los morelianos ante el resto del mundo. Por ello, manifest\u00f3 el deseo de que se replique para a\u00f1os futuros.<\/p>\n<p>&nbsp;<\/p>\n<p>El Presidente Municipal asegur\u00f3 que, en una conjunci\u00f3n de voluntades, se integra una propuesta novedosa y de calidad, que complementa la oferta de los dem\u00e1s festivales que ya existen, como el de \u00d3rgano, de Guitarra y el de M\u00fasica de Morelia \u201cMiguel Bernal Jim\u00e9nez\u201d.<\/p>\n<p>&nbsp;<\/p>\n<p>Con la presencia de 40 artistas nacionales y extranjeros que conforman la vanguardia mundial de la experimentaci\u00f3n y expresi\u00f3n vocal, Abud Mirabent manifest\u00f3 que otro de los fines es llegar a un auditorio cada vez m\u00e1s amplio.<\/p>\n<p>&nbsp;<\/p>\n<p>Producido por la asociaci\u00f3n Protovecka, en coordinaci\u00f3n con el Gobierno Municipal presidido por Salvador Abud Mirabent, FOCO contempla la presentaci\u00f3n durante 7 d\u00edas de los ensambles Maulwerker de Alemania y Roomful of Teeth de Estados Unidos, adem\u00e1s de una jornada con solistas, como las sopranos Sarah Albu de Canad\u00e1, la estadounidense Theresa Wong y la mexicana Carmina Escobar, para cerrar con la participaci\u00f3n de uno de los exponentes m\u00e1s importantes de la experimentaci\u00f3n vocal, el brit\u00e1nico Phil Minton.<\/p>\n<p>&nbsp;<\/p>\n<p>Asimismo, a fin de impulsar a j\u00f3venes talentos emergentes, el programa incluye el estreno mundial de\u00a0<i>\u00d3pera en Riesgo<\/i>, compuesta por Rogelio Sosa, con libreto de Emma Bertr\u00e1n, sobre una idea original de Juan Ayala y bajo la direcci\u00f3n esc\u00e9nica de Fernando Feres.<\/p>\n<p>&nbsp;<\/p>\n<p>De igual manera, destaca la presentaci\u00f3n de la video-\u00f3pera\u00a0<i>An index of Metals<\/i>\u00a0de Fausto Romitelli, que se montar\u00e1 por primera vez con un elenco de m\u00fasicos mexicanos. Tambi\u00e9n, se realizar\u00e1n mesas de di\u00e1logo con parte del elenco del Festival con sesiones de preguntas y respuestas.<\/p>\n","protected":false},"excerpt":{"rendered":"<p>Con el impulso del nuevo FOCO, que se realizar\u00e1 del 23 al 30 de agosto del 2015, se reafirma la vocaci\u00f3n de Morelia como destino cultural de M\u00e9xico, asegur\u00f3 el alcalde Salvador Abud Mirabent, durante el anuncio de este escaparate art\u00edstico,<\/p>\n","protected":false},"author":1,"featured_media":17325,"comment_status":"open","ping_status":"open","sticky":false,"template":"","format":"standard","meta":{"footnotes":""},"categories":[14,9],"tags":[],"class_list":["post-17324","post","type-post","status-publish","format-standard","has-post-thumbnail","hentry","category-destacadas","category-morelia"],"_links":{"self":[{"href":"https:\/\/radiowebmx.com\/nota\/wp-json\/wp\/v2\/posts\/17324","targetHints":{"allow":["GET"]}}],"collection":[{"href":"https:\/\/radiowebmx.com\/nota\/wp-json\/wp\/v2\/posts"}],"about":[{"href":"https:\/\/radiowebmx.com\/nota\/wp-json\/wp\/v2\/types\/post"}],"author":[{"embeddable":true,"href":"https:\/\/radiowebmx.com\/nota\/wp-json\/wp\/v2\/users\/1"}],"replies":[{"embeddable":true,"href":"https:\/\/radiowebmx.com\/nota\/wp-json\/wp\/v2\/comments?post=17324"}],"version-history":[{"count":1,"href":"https:\/\/radiowebmx.com\/nota\/wp-json\/wp\/v2\/posts\/17324\/revisions"}],"predecessor-version":[{"id":17326,"href":"https:\/\/radiowebmx.com\/nota\/wp-json\/wp\/v2\/posts\/17324\/revisions\/17326"}],"wp:featuredmedia":[{"embeddable":true,"href":"https:\/\/radiowebmx.com\/nota\/wp-json\/wp\/v2\/media\/17325"}],"wp:attachment":[{"href":"https:\/\/radiowebmx.com\/nota\/wp-json\/wp\/v2\/media?parent=17324"}],"wp:term":[{"taxonomy":"category","embeddable":true,"href":"https:\/\/radiowebmx.com\/nota\/wp-json\/wp\/v2\/categories?post=17324"},{"taxonomy":"post_tag","embeddable":true,"href":"https:\/\/radiowebmx.com\/nota\/wp-json\/wp\/v2\/tags?post=17324"}],"curies":[{"name":"wp","href":"https:\/\/api.w.org\/{rel}","templated":true}]}}