{"id":17320,"date":"2015-08-14T12:05:07","date_gmt":"2015-08-14T17:05:07","guid":{"rendered":"https:\/\/radiowebmx.com\/nota\/?p=17320"},"modified":"2015-08-14T12:05:07","modified_gmt":"2015-08-14T17:05:07","slug":"dif-morelia-se-suma-a-la-campana-de-regularizacion-del-registro-civil","status":"publish","type":"post","link":"https:\/\/radiowebmx.com\/nota\/dif-morelia-se-suma-a-la-campana-de-regularizacion-del-registro-civil\/","title":{"rendered":"DIF Morelia se suma a la campa\u00f1a  de regularizaci\u00f3n del Registro Civil"},"content":{"rendered":"<p>A fin de apoyar a parejas de bajos recursos con los gastos que implica contraer matrimonio legal, as\u00ed como a menores de edad que no contaban con actas de nacimiento, el Sistema DIF Morelia, que preside Miriam Cruz de Abud, se sum\u00f3 a la campa\u00f1a de regularizaci\u00f3n del Registro Civil de Michoac\u00e1n.<\/p>\n<p><b>\u00a0<\/b><\/p>\n<p>A partir del trabajo realizado por el personal de la instituci\u00f3n municipal, con personas de las tenencias y comunidades de la capital michoacana, se detect\u00f3 que exist\u00edan infantes y adultos mayores que no hab\u00edan sido identificados ante la ley, por ello, la ma\u00f1ana de este jueves Miriam Cruz encabez\u00f3 una ceremonia simb\u00f3lica para realizar los tr\u00e1mites correspondientes.<\/p>\n<p>&nbsp;<\/p>\n<p>En ella, resultaron beneficiadas 11 personas, entre menores y personas de la tercera edad, as\u00ed como cuatro parejas que viv\u00edan en uni\u00f3n libre.<\/p>\n<p>&nbsp;<\/p>\n<p>En el evento particip\u00f3 el director del Registro Civil de Michoac\u00e1n, Gabriel \u00c1lvarez Morales; Miriam Roc\u00edo Llanderal \u00c1lvarez, coordinadora de la Procuradur\u00eda de la Defensa del Menor, la Mujer y la Familia, entre otros funcionarios estatales y municipales.<\/p>\n","protected":false},"excerpt":{"rendered":"<p>A fin de apoyar a parejas de bajos recursos con los gastos que implica contraer matrimonio legal, as\u00ed como a menores de edad que no contaban con actas de nacimiento, el Sistema DIF Morelia, que preside Miriam Cruz de Abud, se sum\u00f3 a la campa\u00f1a de regularizaci\u00f3n del Registro Civil de Michoac\u00e1n.<\/p>\n","protected":false},"author":1,"featured_media":17321,"comment_status":"open","ping_status":"open","sticky":false,"template":"","format":"standard","meta":{"footnotes":""},"categories":[14,9],"tags":[],"class_list":["post-17320","post","type-post","status-publish","format-standard","has-post-thumbnail","hentry","category-destacadas","category-morelia"],"_links":{"self":[{"href":"https:\/\/radiowebmx.com\/nota\/wp-json\/wp\/v2\/posts\/17320","targetHints":{"allow":["GET"]}}],"collection":[{"href":"https:\/\/radiowebmx.com\/nota\/wp-json\/wp\/v2\/posts"}],"about":[{"href":"https:\/\/radiowebmx.com\/nota\/wp-json\/wp\/v2\/types\/post"}],"author":[{"embeddable":true,"href":"https:\/\/radiowebmx.com\/nota\/wp-json\/wp\/v2\/users\/1"}],"replies":[{"embeddable":true,"href":"https:\/\/radiowebmx.com\/nota\/wp-json\/wp\/v2\/comments?post=17320"}],"version-history":[{"count":2,"href":"https:\/\/radiowebmx.com\/nota\/wp-json\/wp\/v2\/posts\/17320\/revisions"}],"predecessor-version":[{"id":17323,"href":"https:\/\/radiowebmx.com\/nota\/wp-json\/wp\/v2\/posts\/17320\/revisions\/17323"}],"wp:featuredmedia":[{"embeddable":true,"href":"https:\/\/radiowebmx.com\/nota\/wp-json\/wp\/v2\/media\/17321"}],"wp:attachment":[{"href":"https:\/\/radiowebmx.com\/nota\/wp-json\/wp\/v2\/media?parent=17320"}],"wp:term":[{"taxonomy":"category","embeddable":true,"href":"https:\/\/radiowebmx.com\/nota\/wp-json\/wp\/v2\/categories?post=17320"},{"taxonomy":"post_tag","embeddable":true,"href":"https:\/\/radiowebmx.com\/nota\/wp-json\/wp\/v2\/tags?post=17320"}],"curies":[{"name":"wp","href":"https:\/\/api.w.org\/{rel}","templated":true}]}}