{"id":17313,"date":"2015-08-14T11:53:53","date_gmt":"2015-08-14T16:53:53","guid":{"rendered":"https:\/\/radiowebmx.com\/nota\/?p=17313"},"modified":"2015-08-14T11:53:53","modified_gmt":"2015-08-14T16:53:53","slug":"firma-del-compromiso-por-michoacan%e2%80%8f","status":"publish","type":"post","link":"https:\/\/radiowebmx.com\/nota\/firma-del-compromiso-por-michoacan%e2%80%8f\/","title":{"rendered":"Firma del &#8220;Compromiso por Michoac\u00e1n&#8221;\u200f"},"content":{"rendered":"<p>lo que los mantiene rezagados del desarrollo y las oportunidades, manifest\u00f3 el alcalde moreliano Salvador Abiud Mirabent, al dar la bienvenida a los participantes en la firma del \u201cCompromiso por Michoac\u00e1n\u201d, que permitir\u00e1 realizar acciones educativas en todo el territorio estatal.<\/p>\n","protected":false},"excerpt":{"rendered":"<p>Cuando se suman las voluntades, los esfuerzos y las acciones de los tres \u00f3rdenes de gobierno en sus \u00e1reas involucradas, es posible alcanzar los grandes objetivos sociales, como es la alfabetizaci\u00f3n de miles de michoacanos que todav\u00eda, lamentablemente, no saben leer ni escribir, <\/p>\n","protected":false},"author":1,"featured_media":17314,"comment_status":"open","ping_status":"open","sticky":false,"template":"","format":"standard","meta":{"footnotes":""},"categories":[14,9],"tags":[],"class_list":["post-17313","post","type-post","status-publish","format-standard","has-post-thumbnail","hentry","category-destacadas","category-morelia"],"_links":{"self":[{"href":"https:\/\/radiowebmx.com\/nota\/wp-json\/wp\/v2\/posts\/17313","targetHints":{"allow":["GET"]}}],"collection":[{"href":"https:\/\/radiowebmx.com\/nota\/wp-json\/wp\/v2\/posts"}],"about":[{"href":"https:\/\/radiowebmx.com\/nota\/wp-json\/wp\/v2\/types\/post"}],"author":[{"embeddable":true,"href":"https:\/\/radiowebmx.com\/nota\/wp-json\/wp\/v2\/users\/1"}],"replies":[{"embeddable":true,"href":"https:\/\/radiowebmx.com\/nota\/wp-json\/wp\/v2\/comments?post=17313"}],"version-history":[{"count":1,"href":"https:\/\/radiowebmx.com\/nota\/wp-json\/wp\/v2\/posts\/17313\/revisions"}],"predecessor-version":[{"id":17315,"href":"https:\/\/radiowebmx.com\/nota\/wp-json\/wp\/v2\/posts\/17313\/revisions\/17315"}],"wp:featuredmedia":[{"embeddable":true,"href":"https:\/\/radiowebmx.com\/nota\/wp-json\/wp\/v2\/media\/17314"}],"wp:attachment":[{"href":"https:\/\/radiowebmx.com\/nota\/wp-json\/wp\/v2\/media?parent=17313"}],"wp:term":[{"taxonomy":"category","embeddable":true,"href":"https:\/\/radiowebmx.com\/nota\/wp-json\/wp\/v2\/categories?post=17313"},{"taxonomy":"post_tag","embeddable":true,"href":"https:\/\/radiowebmx.com\/nota\/wp-json\/wp\/v2\/tags?post=17313"}],"curies":[{"name":"wp","href":"https:\/\/api.w.org\/{rel}","templated":true}]}}