{"id":17310,"date":"2015-08-14T11:49:19","date_gmt":"2015-08-14T16:49:19","guid":{"rendered":"https:\/\/radiowebmx.com\/nota\/?p=17310"},"modified":"2015-08-14T11:49:19","modified_gmt":"2015-08-14T16:49:19","slug":"temas-de-cafe-353","status":"publish","type":"post","link":"https:\/\/radiowebmx.com\/nota\/temas-de-cafe-353\/","title":{"rendered":"TEMAS DE CAF\u00c9"},"content":{"rendered":"<ul>\n<li>INCLUYENTE Y DE COALICION<\/li>\n<li>OBVIO AMLO, MUY PREVISIBLE<\/li>\n<li>AUSENCIO,REYNA,JESUS SIERRA<\/li>\n<li>DERECHOS HUMANOS: RESPETO<\/li>\n<\/ul>\n<p>Hay un principio que se\u00f1ala: Los enemigos de mis enemigos son mis amigos, y esto nos viene a la mente en relaci\u00f3n, a la extensa ep\u00edstola enviada por Silvano Aureoles, gobernador electo de Michoac\u00e1n, a don Andr\u00e9s Manuel L\u00f3pez Obrador y aunque ese enoje el amigo Saulo, tenemos que comentarle que Amlo es, un personaje totalmente previsible, por lo cual tenemos la idea de que Silvano lo hizo, para dejar bien claro su propuesta de tener un gobierno de coalici\u00f3n\u00a0 e incluyente, hasta con Amlo, porque todo mundo sabe que Amlo hace meses, cuando le dijeron que si apoyar\u00eda en la entidad,\u00a0 la candidatura de Silvano al gobierno de Michoac\u00e1n, dej\u00f3 bien claro que no, porque no hab\u00eda coincidencias, y le dijo dos o tres adjetivos descalific\u00e1ndolo, y ahora hasta lo llam\u00f3 achichincle de Manlio Fabio. As\u00ed ahora el Bronco, Mancera \u00a0y Silvano contra Amlo.<\/p>\n<p>SILVANO JUSTIFICA SU GABINETE DE COALICI\u00d3N<\/p>\n<p>Bien entonces estamos de acuerdo, en que Silvano, su amigos y asesores sab\u00edan de antemano la respuesta de Amlo, ante lo cual surgi\u00f3 algo que no hab\u00edamos visto, en mucho tiempo a un Silvano subirse al ring, y menos contra Amlo, donde le podemos afirmar\u00a0 que Silvano lleva las de perder, porque Amlo es un aut\u00e9ntico peleador de callej\u00f3n, bravo y\u00a0 directo, mientras que Silvano nunca ha sido rijoso, al contrario su perfil es conciliador, en su campa\u00f1a pocas veces o casi nunca, respondi\u00f3 a las agresiones de Chon y de Luisa Mar\u00eda, solamente una vez le alz\u00f3 la voz a Luisa, cuando le dijo: ya apl\u00e1quese se\u00f1ora.<\/p>\n<p>Luego entonces esta medida tiene muchas aristas, para quien juega billar se puede afirmar que fue una jugada de tres bancadas, y se le puedan encontrar m\u00e1s, primero descalificar a Amlo en sus ataques, al presidente de M\u00e9xico porque \u00e9l es de los principales, promotores de la jornada de protesta para el 14 de octubre, el paro nacional y se exhorta a la gente a no trabajar, a no estudiar, a no comprar y a no salir de sus casas, imag\u00ednese el caos que se har\u00eda si este llamado tuviera \u00e9xito, por lo cual creemos que est\u00e1 mal encaminada esta protesta, pero de esto le comentaremos m\u00e1s adelante.<\/p>\n<p>SILVANO Y\u00a0 EL PRD CARECE DE CUADROS ADMINISTRATIVOS<\/p>\n<p>Un problema grave que tiene Silvano hoy, es la estructuraci\u00f3n de su gabinete, porque entre la gente m\u00e1s allegada a \u00e9l, no encontramos valores pol\u00edticos de primer nivel, ni administrativos por lo cual consideramos, que le ser\u00e1n necesario recurrir a cuadros, como lo prometi\u00f3 en su campa\u00f1a, esto en donde est\u00e9n en la poblaci\u00f3n civil, e inclusive en otros partidos, y lo demuestra esta ep\u00edstola enviada por Silvano a Amlo, donde lo llama a la unidad de la izquierda, para enfrentar mejor los retos que tiene hoy Michoac\u00e1n.<\/p>\n<p>De los que rodean a Silvano ya le comentamos ayer, cinco hombres y cinco mujeres y hoy, le podr\u00edamos se\u00f1alar otros cinco y cinco y listo, despu\u00e9s de esto no hay m\u00e1s, entre los restantes cinco estar\u00eda Rafael Garc\u00eda Tinajero, quien se perfila para Salud, Armando Machorro para el Sistema Michoacano de Radio y Televisi\u00f3n, entre las mujeres Helena C\u00edntora para posiciones de primer nivel, tal vez Cristina Portillo porque trabaj\u00f3 bien, en la campa\u00f1a y los elementos que ya trae, pero fuera de eso la verdad no tiene suficientes cuadros, para una administraci\u00f3n brillante.<\/p>\n<p>POR ESO LA NECESIDAD DE ABRIR EL GABINETE<\/p>\n<p>La ep\u00edstola de Silvano a Amlo, se entiende desde el punto de esta necesidad y de curarse en salud, porque Amlo ma\u00f1ana no podr\u00e1 criticar, el gobierno de Silvvano, porque \u00e9ste le podr\u00e1 replicar: te invit\u00e9 y no quisiste, as\u00ed que mejor c\u00e1llate Chachalaca. Otro aspecto que Silvano est\u00e1 dando a entender, a los perredistas es que en su gabinete no habr\u00e1 muchos elementos del PRD, porque as\u00ed como le pidi\u00f3 ideas y personas capaces a Amlo,\u00a0 lo har\u00e1 con los activos m\u00e1s importantes, entre los cuales obviamente se encuentra Cuauht\u00e9moc C\u00e1rdenas, y algunos ex gobernadores, ep\u00edstolas similares llegar\u00e1n a Ausencio Ch\u00e1vez por ejemplo.<\/p>\n<p>JESUS SIERRA, DEBE MODERARSE, ES UN BUEN ACTIVO<\/p>\n<p>Queremos\u00a0 informar a los amigos y defensores, de Jes\u00fas Sierra que lo que comentamos hace d\u00edas, en relaci\u00f3n a Sierra y Ra\u00fal es totalmente cierto, est\u00e1 comprobado pero por ahora dejaremos descansar, a don Jes\u00fas porque nos comentaron que el grupo que dice dirigir, el de Jes\u00fas Reyna es originalmente de Ausencio Ch\u00e1vez, y que Jes\u00fas Reyna era operador de Ausencio, por lo cual no hay nuevo dirigente de este grupo, ahora bien es bueno que alguien fije la posici\u00f3n, y hasta eso es buena pero no es oficial.<\/p>\n<p>En el caso de Jes\u00fas Sierra tal vez sea el integrante, de este grupo el m\u00e1s adelantado, sabe mucho de derecho electoral pero nada m\u00e1s, no cuenta con la aquiescencia de la mayor\u00eda de los integrantes, de este poderoso grupo pol\u00edtico en la entidad, pero de que Sierra es buen elemento ni duda lo es, es m\u00e1s hasta podr\u00eda ser un buen elemento para la dirigencia estatal del PRI, pero el camino que ha empezado a transitar, no es el m\u00e1s adecuado por lo cual esperamos, que recapacite y empiece a actuar como se supone lo debe hacer, para no confrontarse con los dem\u00e1s integrantes del grupo, debe hablar con ellos principalmente, con quien sabe que no lo aprecian del todo.<\/p>\n<p>LIBERTAD DE EXPRESION Y DE TRANSITO<\/p>\n<p>El m\u00e1s malo presidente de la Comisi\u00f3n Estatal de Derechos Humanos, que ha tenido desde su creaci\u00f3n este venerable organismo, Jos\u00e9 Mar\u00eda C\u00e1zares mostr\u00f3 su preocupaci\u00f3n, por la\u00a0 ley anti marchas que se discute, en el congreso del estado, porque dijo que ponen en riesgo los derechos, de expresi\u00f3n y de tr\u00e1nsito, y d\u00e1ndole el beneficio de la duda, est\u00e1 bien pero entonces \u00bfQui\u00e9n defiende los derechos de los morelianos en general?, \u00bfde los comerciantes,\u00a0 los turistas quienes ven violados sus derechos, con estas marchas y \u00a0plantones?.<\/p>\n<p>O sea que para Jos\u00e9 Mar\u00eda C\u00e1zares solamente, \u00a0\u00bfquienes bloquean las calles y toman las plazas de Morelia tienen derechos?, y \u00bfel resto de los mortales no?, extra\u00f1a actitud de este se\u00f1or, ya que deber\u00eda hacerle caso a sus amos, los diputados del PAN ya que ellos lo pusieron, porque fue al partido que le entreg\u00f3 m\u00e1s posiciones en la comisi\u00f3n, no porque fuera el mejor, as\u00ed que debe entenderse que solamente los que\u00a0 marchan, por las calles de Morelia y bloquean las avenidas, y gritan sus consignas, tienen derechos y los morelianos no los tienen, por ello nadie \u00a0los defiende. \u00bfVen les comento que es el peor presidente de la Comisi\u00f3n?.<\/p>\n<p>\u00bfLOS TRUJILLO TENDRAN LA TERCERA NOTAR\u00cdA?<\/p>\n<p>Este tema est\u00e1 lleno de suspenso, porque los integrantes de la actual legislatura, ya consensuaron, para que el gobernador en turno ya no tenga la potestad, de entregar notar\u00edas como lo han hecho todos, los anteriores gobernadores, hicieron notarios a sus amigos por lo general, ahora se supone se deber\u00e1 hacer mediante un proceso, de un concurso de oposici\u00f3n y de una certificaci\u00f3n, a la cual tambi\u00e9n deber\u00e1n hacer los notarios actuales, creemos para que est\u00e9n actualizados.<\/p>\n<p>Hace d\u00edas una comisi\u00f3n de notarios del estado, acompa\u00f1ados por su presidente, fueron a la Casa de Gobierno para entrevistarse, con el mandatario estatal, Salvador Jara Guerrero a quien le dejaron ver, que ser\u00eda improcedente que le concediera, una tercera notar\u00eda a la familia Trujillo, encabezada por don Daniel, ya que hace a\u00f1os se le entreg\u00f3 una notar\u00eda, la cual despu\u00e9s se le dej\u00f3 a su hijo, hasta ah\u00ed todo m\u00e1s o menos bien, despu\u00e9s logr\u00f3 otra para una yerno, bueno ni hablar, tambi\u00e9n bien pero ahora est\u00e1 en proceso la entrega, de otra notar\u00eda para un hijo de don Daniel.<\/p>\n<p>Esto seguramente deton\u00f3 la necesidad de quitarle esa facultad, al mandatario estatal y es que posiblemente, este lunes sea presentada la iniciativa y seguramente aprobada, porque adem\u00e1s ha sido una propuesta que ha sido presentada, en reiteradas ocasiones en las \u00faltimas cuatro legislaturas, por ejemplo recordamos que Selene V\u00e1zquez, la primera vez que fue diputada en la administraci\u00f3n de L\u00e1zaro C\u00e1rdenas Batel, present\u00f3 una iniciativa similar, para intentar poner en orden este tema, de la entrega de las notar\u00edas a personas, que muchas veces no se las merec\u00edan, ni ten\u00edan el conocimiento pleno para ello.<\/p>\n","protected":false},"excerpt":{"rendered":"<p>\u2022\tINCLUYENTE Y DE COALICION<br \/>\n\u2022\tOBVIO AMLO, MUY PREVISIBLE<br \/>\n\u2022\tAUSENCIO,REYNA,JESUS SIERRA<br \/>\n\u2022\tDERECHOS HUMANOS: RESPETO<\/p>\n","protected":false},"author":1,"featured_media":0,"comment_status":"open","ping_status":"open","sticky":false,"template":"","format":"standard","meta":{"footnotes":""},"categories":[4,14,10],"tags":[],"class_list":["post-17310","post","type-post","status-publish","format-standard","hentry","category-columnistas","category-destacadas","category-juan-manuel-belmonte"],"_links":{"self":[{"href":"https:\/\/radiowebmx.com\/nota\/wp-json\/wp\/v2\/posts\/17310","targetHints":{"allow":["GET"]}}],"collection":[{"href":"https:\/\/radiowebmx.com\/nota\/wp-json\/wp\/v2\/posts"}],"about":[{"href":"https:\/\/radiowebmx.com\/nota\/wp-json\/wp\/v2\/types\/post"}],"author":[{"embeddable":true,"href":"https:\/\/radiowebmx.com\/nota\/wp-json\/wp\/v2\/users\/1"}],"replies":[{"embeddable":true,"href":"https:\/\/radiowebmx.com\/nota\/wp-json\/wp\/v2\/comments?post=17310"}],"version-history":[{"count":2,"href":"https:\/\/radiowebmx.com\/nota\/wp-json\/wp\/v2\/posts\/17310\/revisions"}],"predecessor-version":[{"id":17312,"href":"https:\/\/radiowebmx.com\/nota\/wp-json\/wp\/v2\/posts\/17310\/revisions\/17312"}],"wp:attachment":[{"href":"https:\/\/radiowebmx.com\/nota\/wp-json\/wp\/v2\/media?parent=17310"}],"wp:term":[{"taxonomy":"category","embeddable":true,"href":"https:\/\/radiowebmx.com\/nota\/wp-json\/wp\/v2\/categories?post=17310"},{"taxonomy":"post_tag","embeddable":true,"href":"https:\/\/radiowebmx.com\/nota\/wp-json\/wp\/v2\/tags?post=17310"}],"curies":[{"name":"wp","href":"https:\/\/api.w.org\/{rel}","templated":true}]}}