{"id":17306,"date":"2015-08-13T11:59:40","date_gmt":"2015-08-13T16:59:40","guid":{"rendered":"https:\/\/radiowebmx.com\/nota\/?p=17306"},"modified":"2015-08-13T11:59:40","modified_gmt":"2015-08-13T16:59:40","slug":"fuerza-ciudadana-de-morelia-recibe-equipamiento-del-mando-unificado","status":"publish","type":"post","link":"https:\/\/radiowebmx.com\/nota\/fuerza-ciudadana-de-morelia-recibe-equipamiento-del-mando-unificado\/","title":{"rendered":"Fuerza Ciudadana de Morelia recibe equipamiento del Mando Unificado"},"content":{"rendered":"<p>La paz no debe ser temporal ni transitoria, sino esencialmente una forma de vida, avalada por mejores condiciones de justicia social, sostuvo el alcalde Salvador Abud Mirabent al recibir equipamiento a la Fuerza Ciudadana Municipal, en las instalaciones de la Secretar\u00eda de Seguridad P\u00fablica de Michoac\u00e1n.<\/p>\n<p><b>\u00a0<\/b><\/p>\n<p>El edil sostuvo que, la sana convivencia y el respeto entre los ciudadanos, son una premisa fundamental para Morelia, ya que por encima de las armas debe prevalecer el di\u00e1logo.<\/p>\n<p><b>\u00a0<\/b><\/p>\n<p>La dotaci\u00f3n que el edil moreliano recibi\u00f3 de la Federaci\u00f3n y del gobierno estatal se origina de la necesidad de que los cuerpos policiacos locales cuenten con todos los implementos y complementos para cumplir adecuadamente con las tareas que se les han encomendado, a trav\u00e9s del Mando Unificado.<\/p>\n<p>&nbsp;<\/p>\n<p>Por ello, Abud Mirabent celebr\u00f3 el trabajo coordinado entre los tres niveles gubernamentales, dirigido a lograr la paz social e incrementar los niveles de desarrollo y bienestar de los michoacanos, pues dan muestra de que la ciudadan\u00eda cuenta con autoridades democr\u00e1ticas y responsables.<\/p>\n<p>&nbsp;<\/p>\n<p>El Presidente Municipal coment\u00f3 que es importante proyectar el cumplimiento cabal de las leyes, a fin de garantizar la tranquilidad de la poblaci\u00f3n y de los visitantes que arriban a la capital michoacana.<\/p>\n<p>&nbsp;<\/p>\n<p>Asimismo, subray\u00f3 que la institucionalizaci\u00f3n de la pol\u00edtica interna que respalda el respeto a las garant\u00edas individuales de los habitantes, se basa en contar con elementos bien capacitados, que demuestren una elemental vocaci\u00f3n de servicio a los dem\u00e1s.<\/p>\n","protected":false},"excerpt":{"rendered":"<p>La paz no debe ser temporal ni transitoria, sino esencialmente una forma de vida, avalada por mejores condiciones de justicia social, sostuvo el alcalde Salvador Abud Mirabent al recibir equipamiento a la Fuerza Ciudadana Municipal, en las instalaciones de la Secretar\u00eda de Seguridad P\u00fablica de Michoac\u00e1n.<\/p>\n","protected":false},"author":1,"featured_media":17308,"comment_status":"open","ping_status":"open","sticky":false,"template":"","format":"standard","meta":{"footnotes":""},"categories":[14,9],"tags":[],"class_list":["post-17306","post","type-post","status-publish","format-standard","has-post-thumbnail","hentry","category-destacadas","category-morelia"],"_links":{"self":[{"href":"https:\/\/radiowebmx.com\/nota\/wp-json\/wp\/v2\/posts\/17306","targetHints":{"allow":["GET"]}}],"collection":[{"href":"https:\/\/radiowebmx.com\/nota\/wp-json\/wp\/v2\/posts"}],"about":[{"href":"https:\/\/radiowebmx.com\/nota\/wp-json\/wp\/v2\/types\/post"}],"author":[{"embeddable":true,"href":"https:\/\/radiowebmx.com\/nota\/wp-json\/wp\/v2\/users\/1"}],"replies":[{"embeddable":true,"href":"https:\/\/radiowebmx.com\/nota\/wp-json\/wp\/v2\/comments?post=17306"}],"version-history":[{"count":1,"href":"https:\/\/radiowebmx.com\/nota\/wp-json\/wp\/v2\/posts\/17306\/revisions"}],"predecessor-version":[{"id":17309,"href":"https:\/\/radiowebmx.com\/nota\/wp-json\/wp\/v2\/posts\/17306\/revisions\/17309"}],"wp:featuredmedia":[{"embeddable":true,"href":"https:\/\/radiowebmx.com\/nota\/wp-json\/wp\/v2\/media\/17308"}],"wp:attachment":[{"href":"https:\/\/radiowebmx.com\/nota\/wp-json\/wp\/v2\/media?parent=17306"}],"wp:term":[{"taxonomy":"category","embeddable":true,"href":"https:\/\/radiowebmx.com\/nota\/wp-json\/wp\/v2\/categories?post=17306"},{"taxonomy":"post_tag","embeddable":true,"href":"https:\/\/radiowebmx.com\/nota\/wp-json\/wp\/v2\/tags?post=17306"}],"curies":[{"name":"wp","href":"https:\/\/api.w.org\/{rel}","templated":true}]}}