{"id":17302,"date":"2015-08-13T11:56:37","date_gmt":"2015-08-13T16:56:37","guid":{"rendered":"https:\/\/radiowebmx.com\/nota\/?p=17302"},"modified":"2015-08-13T11:57:07","modified_gmt":"2015-08-13T16:57:07","slug":"utm-promueve-el-lenguaje-incluyente","status":"publish","type":"post","link":"https:\/\/radiowebmx.com\/nota\/utm-promueve-el-lenguaje-incluyente\/","title":{"rendered":"UTM PROMUEVE EL LENGUAJE INCLUYENTE"},"content":{"rendered":"<p>Con la finalidad de cumplir con lo establecido en el Programa de Cultura Institucional del Estado de Michoac\u00e1n, para la igualdad entre hombres y mujeres, la Universidad Tecnol\u00f3gica de Morelia (UTM), con el apoyo de la Secretar\u00eda de la Mujer (Semujer), llev\u00f3 a cabo la pl\u00e1tica \u201cUso de lenguaje incluyente\u201d.<\/p>\n<p>Dicha pl\u00e1tica fue impartida a trabajadoras y trabajadores administrativos y directivos, de esta casa de estudios con el objetivo de sensibilizar sobre temas de lenguaje no sexista, pero sobre todo, con el fin de ponerlo en pr\u00e1ctica a la hora de emitir documentos internos y externos por las diferentes \u00e1reas de la instituci\u00f3n.<\/p>\n<p>Laura Karina Guzm\u00e1n Garc\u00eda, integrante del departamento de capacitaci\u00f3n de Semujer, y quien estuvo a cargo de la pl\u00e1tica, coment\u00f3 que a\u00fan falta camino por recorrer, pues es necesario el uso del lenguaje incluyente para visualizar a las mujeres y reconocer a las dos partes, hombres y mujeres.<\/p>\n<p>Guzm\u00e1n Garc\u00eda expres\u00f3 que el sexismo es el conjunto de pr\u00e1cticas, prejuicios o ideolog\u00edas que discriminan y deval\u00faan a las personas en raz\u00f3n de su sexo, y que el lenguaje sexista es aquel que oculta a las mujeres bajo el masculino gen\u00e9rico, por lo que estos ejercicios en las dependencias de gobierno no deben seguirse practicando, pues la intenci\u00f3n es generar verdaderos cambios.<\/p>\n<p>Ivonne Trujano Guzm\u00e1n, jefa del departamento de Promoci\u00f3n de la Salud, refiri\u00f3 que estas charlas son parte de los trabajos que el Comit\u00e9 de G\u00e9nero de la UTM lleva a cabo para modificar lo aprendido en nuestra cultura patriarcal y disminuir las brechas de inequidad entre hombres y mujeres.<\/p>\n<p>Asimismo, la jefa del departamento de Promoci\u00f3n de la Salud, concluy\u00f3 que es importante insistir en dar a conocer estos temas para lograr visibilizar a la diversidad social.<\/p>\n","protected":false},"excerpt":{"rendered":"<p>Con la finalidad de cumplir con lo establecido en el Programa de Cultura Institucional del Estado de Michoac\u00e1n, para la igualdad entre hombres y mujeres, la Universidad Tecnol\u00f3gica de Morelia (UTM), con el apoyo de la Secretar\u00eda de la Mujer (Semujer), llev\u00f3 a cabo la pl\u00e1tica \u201cUso de lenguaje incluyente\u201d.<\/p>\n","protected":false},"author":1,"featured_media":17303,"comment_status":"open","ping_status":"open","sticky":false,"template":"","format":"standard","meta":{"footnotes":""},"categories":[14,3],"tags":[],"class_list":["post-17302","post","type-post","status-publish","format-standard","has-post-thumbnail","hentry","category-destacadas","category-gobierno-del-estado-de-michoacan"],"_links":{"self":[{"href":"https:\/\/radiowebmx.com\/nota\/wp-json\/wp\/v2\/posts\/17302","targetHints":{"allow":["GET"]}}],"collection":[{"href":"https:\/\/radiowebmx.com\/nota\/wp-json\/wp\/v2\/posts"}],"about":[{"href":"https:\/\/radiowebmx.com\/nota\/wp-json\/wp\/v2\/types\/post"}],"author":[{"embeddable":true,"href":"https:\/\/radiowebmx.com\/nota\/wp-json\/wp\/v2\/users\/1"}],"replies":[{"embeddable":true,"href":"https:\/\/radiowebmx.com\/nota\/wp-json\/wp\/v2\/comments?post=17302"}],"version-history":[{"count":3,"href":"https:\/\/radiowebmx.com\/nota\/wp-json\/wp\/v2\/posts\/17302\/revisions"}],"predecessor-version":[{"id":17307,"href":"https:\/\/radiowebmx.com\/nota\/wp-json\/wp\/v2\/posts\/17302\/revisions\/17307"}],"wp:featuredmedia":[{"embeddable":true,"href":"https:\/\/radiowebmx.com\/nota\/wp-json\/wp\/v2\/media\/17303"}],"wp:attachment":[{"href":"https:\/\/radiowebmx.com\/nota\/wp-json\/wp\/v2\/media?parent=17302"}],"wp:term":[{"taxonomy":"category","embeddable":true,"href":"https:\/\/radiowebmx.com\/nota\/wp-json\/wp\/v2\/categories?post=17302"},{"taxonomy":"post_tag","embeddable":true,"href":"https:\/\/radiowebmx.com\/nota\/wp-json\/wp\/v2\/tags?post=17302"}],"curies":[{"name":"wp","href":"https:\/\/api.w.org\/{rel}","templated":true}]}}