{"id":1728,"date":"2013-03-11T11:22:22","date_gmt":"2013-03-11T17:22:22","guid":{"rendered":"https:\/\/radiowebmx.com\/nota\/?p=1728"},"modified":"2013-03-11T11:22:22","modified_gmt":"2013-03-11T17:22:22","slug":"trabaja-cristina-portillo-en-pro-de-la-equidad-y-genero","status":"publish","type":"post","link":"https:\/\/radiowebmx.com\/nota\/trabaja-cristina-portillo-en-pro-de-la-equidad-y-genero\/","title":{"rendered":"Trabaja Cristina Portillo en pro de la equidad y g\u00e9nero"},"content":{"rendered":"<p><a href=\"https:\/\/radiowebmx.com\/nota\/wp-content\/uploads\/2013\/03\/IMG_8187.jpg\"><img loading=\"lazy\" decoding=\"async\" class=\"alignleft size-full wp-image-1729\" title=\"IMG_8187\" src=\"https:\/\/radiowebmx.com\/nota\/wp-content\/uploads\/2013\/03\/IMG_8187.jpg\" alt=\"\" width=\"591\" height=\"309\" \/><\/a><\/p>\n<p>&nbsp;<\/p>\n<p>Ante la presencia de aproximadamente 500 mujeres y autoridades del municipio presidido por el edil Nicol\u00e1s Zalapa Vargas, la legisladora enfatiz\u00f3 que el 08 de marzo, \u201cD\u00eda Internacional de la Mujer\u201d, m\u00e1s que celebrar es una fecha para conmemorar a todas aquellas mujeres que bajo el lema \u201cPan y Paz\u201d lucharon para hoy en d\u00eda tener los mismos derechos que los hombres.<\/p>\n<p>&nbsp;<\/p>\n<p>Aunado, Cristina Portillo Ayala, destac\u00f3 que debido a la existencia de algunas costumbres sociales todav\u00eda muy arraigadas, \u201clo que constituye uno de los principales obst\u00e1culos\u00a0 con\u00a0 que se encuentra la mujer para poder desenvolverse profesionalmente\u201d, las mujeres han podido intervenir mucho menos tiempo en su vida profesional que los hombres.<\/p>\n<p>&nbsp;<\/p>\n<p>Sin\u00a0 embargo, se\u00f1al\u00f3 que en los \u00faltimos a\u00f1os las cosas han cambiado y es as\u00ed como este sector ha ido accediendo al mundo del trabajo p\u00fablico de una forma m\u00e1s regular, incluso se ha permitido impulsar la presencia de las mujeres mexicanas en cargos de administraci\u00f3n y representaci\u00f3n.<\/p>\n<p>&nbsp;<\/p>\n<p>En este sentido, la diputada local destac\u00f3 el trabajo que se realiz\u00f3 desde la Secretar\u00eda de la Mujer con la representante de ONU Mujeres en M\u00e9xico, Patricia Mercado y los diferentes partidos pol\u00edticos, para cerrar esta brecha de g\u00e9neros y que Michoac\u00e1n tuviera un n\u00famero mayor de alcaldesas y diputadas.<\/p>\n<p>&nbsp;<\/p>\n<p>Gracias a ello es que hoy Michoac\u00e1n cuenta con 9 alcaldesas municipales y de los 40 diputados locales 9 son mujeres. Hist\u00f3ricamente dijo \u201cMichoac\u00e1n ha tenido m\u00e1s mujeres diputadas y es as\u00ed como hoy somos una masa cr\u00edtica dentro del congreso con el 23.6 por ciento\u201d.<\/p>\n<p>&nbsp;<\/p>\n<p>Como diputada local de la LXXII Legislatura, inform\u00f3 que present\u00f3 ante el pleno del congreso la iniciativa para crear el Registro de Deudores Alimentarios, \u201cun tema y un problema que lacera a las mujeres de Michoac\u00e1n\u201d.<\/p>\n<p>&nbsp;<\/p>\n<p>Esta iniciativa se\u00f1al\u00f3, propone que los padres incumplidos queden registrados en un buro de cr\u00e9dito y de esta forma se les obligue a cumplir con la pensi\u00f3n\u00a0 alimenticia a la que sus hijos tiene derecho, y en caso contrario, se les castigue con sanciones penales m\u00e1s eficaces.<\/p>\n<p>&nbsp;<\/p>\n<p>Otro tema en el que se est\u00e1 trabajando, es en tipificar el feminicidio como delito grave cuando una mujer pierda la vida por razones de g\u00e9nero. \u00a0Aunado, agreg\u00f3 que de aproximadamente 95 mujeres que pierden la vida\u00a0 al a\u00f1o, el 65 por ciento no se sabe qui\u00e9n las mato y el restante est\u00e1 en investigaci\u00f3n. Por eso dijo, es importante trabajar en este tema el cual va de la mano con todo un protocolo de investigaci\u00f3n de parte de las autoridades responsables y as\u00ed castigar severamente este tipo de homicidios dolosos contra las mujeres.<\/p>\n<p>&nbsp;<\/p>\n<p>De igual forma, la integrante de la fracci\u00f3n parlamentaria del PRD \u00a0inform\u00f3 que en pr\u00f3ximos d\u00edas se presentar\u00e1 ante el pleno el dictamen para crear la \u201cLey para una Vida Libre de Violencia para las Mujeres en el Estado de Michoac\u00e1n\u201d, con la cual se pretende fortalecer diversas disposiciones en materia de \u00f3rdenes de protecci\u00f3n \u201cuna utop\u00eda jur\u00eddica para las mujeres de la entidad\u201d, pero adem\u00e1s se robustecen y clarifican las facultades de las instituciones que son operadoras jur\u00eddicas de la ley, de los instrumentos a su alcance, y har\u00e1 realidad la facultad fiscalizadora y sancionadora para aquellos que no la cumplan.<\/p>\n<p>&nbsp;<\/p>\n<p>&nbsp;<\/p>\n","protected":false},"excerpt":{"rendered":"<p>Como parte de las actividades que realiza el Ayuntamiento de Paracho con motivo del D\u00eda Internacional de la Mujer, se llev\u00f3 a cabo la conferencia \u201cRetos de los Derechos Humanos de las Mujeres\u201d, impartida por la diputada local y presidenta de la Comisi\u00f3n de Equidad y G\u00e9nero de la LXXII Legislatura, Cristina Portillo Ayala, la ex diputada Gabriela Molina Aguilar y la ponente de Ecuador, Maribel Almeida Cortez.<\/p>\n","protected":false},"author":1,"featured_media":0,"comment_status":"open","ping_status":"open","sticky":false,"template":"","format":"standard","meta":{"footnotes":""},"categories":[6,14],"tags":[],"class_list":["post-1728","post","type-post","status-publish","format-standard","hentry","category-congreso-del-estado","category-destacadas"],"_links":{"self":[{"href":"https:\/\/radiowebmx.com\/nota\/wp-json\/wp\/v2\/posts\/1728","targetHints":{"allow":["GET"]}}],"collection":[{"href":"https:\/\/radiowebmx.com\/nota\/wp-json\/wp\/v2\/posts"}],"about":[{"href":"https:\/\/radiowebmx.com\/nota\/wp-json\/wp\/v2\/types\/post"}],"author":[{"embeddable":true,"href":"https:\/\/radiowebmx.com\/nota\/wp-json\/wp\/v2\/users\/1"}],"replies":[{"embeddable":true,"href":"https:\/\/radiowebmx.com\/nota\/wp-json\/wp\/v2\/comments?post=1728"}],"version-history":[{"count":1,"href":"https:\/\/radiowebmx.com\/nota\/wp-json\/wp\/v2\/posts\/1728\/revisions"}],"predecessor-version":[{"id":1730,"href":"https:\/\/radiowebmx.com\/nota\/wp-json\/wp\/v2\/posts\/1728\/revisions\/1730"}],"wp:attachment":[{"href":"https:\/\/radiowebmx.com\/nota\/wp-json\/wp\/v2\/media?parent=1728"}],"wp:term":[{"taxonomy":"category","embeddable":true,"href":"https:\/\/radiowebmx.com\/nota\/wp-json\/wp\/v2\/categories?post=1728"},{"taxonomy":"post_tag","embeddable":true,"href":"https:\/\/radiowebmx.com\/nota\/wp-json\/wp\/v2\/tags?post=1728"}],"curies":[{"name":"wp","href":"https:\/\/api.w.org\/{rel}","templated":true}]}}