{"id":17254,"date":"2015-08-12T11:23:47","date_gmt":"2015-08-12T16:23:47","guid":{"rendered":"https:\/\/radiowebmx.com\/nota\/?p=17254"},"modified":"2015-08-12T11:23:47","modified_gmt":"2015-08-12T16:23:47","slug":"jovenes-y-sejoven-reforestan-la-loma-de-santa-maria","status":"publish","type":"post","link":"https:\/\/radiowebmx.com\/nota\/jovenes-y-sejoven-reforestan-la-loma-de-santa-maria\/","title":{"rendered":"J\u00d3VENES Y SEJOVEN REFORESTAN LA LOMA DE SANTA MAR\u00cdA"},"content":{"rendered":"<p>Reflejando su compromiso con la preservaci\u00f3n del medio ambiente, en la Loma de Santa Mar\u00eda alrededor de 300 j\u00f3venes se sumaron a la jornada de reforestaci\u00f3n de mil \u00e1rboles que llev\u00f3 a cabo la Secretar\u00eda de los J\u00f3venes (Sejoven), encabezada por Ana Brasilia Espino Sandoval, en el marco de la Semana Estatal de la Juventud que se celebra del 9 al 16 de agosto.<\/p>\n<p>Acompa\u00f1ada por Ivo Antonio Guti\u00e9rrez Pulido, secretario de Urbanismo y Medio Ambiente y Osvaldo Fern\u00e1ndez Orozco, delegado regional de la Comisi\u00f3n Nacional Forestal (Conafor), Ana Brasilia Espino refiri\u00f3 que lo que los j\u00f3venes tienen que aportar al estado es de suma importancia, ya que no son solo el futuro, como tradicionalmente se denomina a las nuevas generaciones, sino que ya son el presente y las acciones que hoy realicen determinar\u00e1n y forjar\u00e1n ese futuro.<\/p>\n<p>\u201cSon el contexto de desarrollo del estado y lo demuestran todos los d\u00edas capacit\u00e1ndose, formando parte de organizaciones y asociaciones, realizando actividades productivas y cosechando triunfos; por ello, a los menos j\u00f3venes nos comprometen a continuar planeando proyectos como este que hoy nos convoca\u201d, precis\u00f3 la funcionaria.<\/p>\n<p>\u201cSigamos demostrando que los j\u00f3venes de Michoac\u00e1n tenemos potencial, inter\u00e9s y compromiso con el desarrollo de la entidad\u201d, fue el mensaje final que dirigi\u00f3 la secretaria a los presentes en la jornada de reforestaci\u00f3n.<\/p>\n<p>Durante su participaci\u00f3n, el delegado regional de la Conafor, Osvaldo Fern\u00e1ndez Orozco, precis\u00f3 que se tiene la misi\u00f3n de construir una sociedad diferente a la que nos heredaron las generaciones pasadas, una sociedad mejor y con mayores oportunidades de desarrollo para todos; \u201cpor eso a la juventud hay que hablarle con la verdad y darles el ejemplo de nuestros actos\u201d, concluy\u00f3.<\/p>\n<p>De esta forma, se dio inicio a la jornada de reforestaci\u00f3n con la participaci\u00f3n de alrededor de 300 j\u00f3venes que forman parte de Consejo de Asociaciones Juveniles de Michoac\u00e1n, grupo dos de boy scouts y vecinos del Valle de Santa Mar\u00eda, as\u00ed como de los municipios de San Lucas, Huetamo, Car\u00e1cuaro, Apatzing\u00e1n, entre otros, quienes fueron acompa\u00f1ados por la titular de la dependencia estatal en la plantaci\u00f3n de mil \u00e1rboles de la especie pino, end\u00e9mica de la regi\u00f3n.<\/p>\n","protected":false},"excerpt":{"rendered":"<p>Reflejando su compromiso con la preservaci\u00f3n del medio ambiente, en la Loma de Santa Mar\u00eda alrededor de 300 j\u00f3venes se sumaron a la jornada de reforestaci\u00f3n de mil \u00e1rboles que llev\u00f3 a cabo la Sejoven, encabezada por Ana Brasilia Espino Sandoval, <\/p>\n","protected":false},"author":1,"featured_media":17255,"comment_status":"open","ping_status":"open","sticky":false,"template":"","format":"standard","meta":{"footnotes":""},"categories":[14,3],"tags":[],"class_list":["post-17254","post","type-post","status-publish","format-standard","has-post-thumbnail","hentry","category-destacadas","category-gobierno-del-estado-de-michoacan"],"_links":{"self":[{"href":"https:\/\/radiowebmx.com\/nota\/wp-json\/wp\/v2\/posts\/17254","targetHints":{"allow":["GET"]}}],"collection":[{"href":"https:\/\/radiowebmx.com\/nota\/wp-json\/wp\/v2\/posts"}],"about":[{"href":"https:\/\/radiowebmx.com\/nota\/wp-json\/wp\/v2\/types\/post"}],"author":[{"embeddable":true,"href":"https:\/\/radiowebmx.com\/nota\/wp-json\/wp\/v2\/users\/1"}],"replies":[{"embeddable":true,"href":"https:\/\/radiowebmx.com\/nota\/wp-json\/wp\/v2\/comments?post=17254"}],"version-history":[{"count":2,"href":"https:\/\/radiowebmx.com\/nota\/wp-json\/wp\/v2\/posts\/17254\/revisions"}],"predecessor-version":[{"id":17257,"href":"https:\/\/radiowebmx.com\/nota\/wp-json\/wp\/v2\/posts\/17254\/revisions\/17257"}],"wp:featuredmedia":[{"embeddable":true,"href":"https:\/\/radiowebmx.com\/nota\/wp-json\/wp\/v2\/media\/17255"}],"wp:attachment":[{"href":"https:\/\/radiowebmx.com\/nota\/wp-json\/wp\/v2\/media?parent=17254"}],"wp:term":[{"taxonomy":"category","embeddable":true,"href":"https:\/\/radiowebmx.com\/nota\/wp-json\/wp\/v2\/categories?post=17254"},{"taxonomy":"post_tag","embeddable":true,"href":"https:\/\/radiowebmx.com\/nota\/wp-json\/wp\/v2\/tags?post=17254"}],"curies":[{"name":"wp","href":"https:\/\/api.w.org\/{rel}","templated":true}]}}