{"id":17239,"date":"2015-08-12T10:51:38","date_gmt":"2015-08-12T15:51:38","guid":{"rendered":"https:\/\/radiowebmx.com\/nota\/?p=17239"},"modified":"2015-08-12T10:51:38","modified_gmt":"2015-08-12T15:51:38","slug":"ayuntamiento-alista-programa-para-proximas-fiestas-patrias","status":"publish","type":"post","link":"https:\/\/radiowebmx.com\/nota\/ayuntamiento-alista-programa-para-proximas-fiestas-patrias\/","title":{"rendered":"Ayuntamiento alista programa  para pr\u00f3ximas Fiestas Patrias"},"content":{"rendered":"<p>A fin de ofrecer a la poblaci\u00f3n una conmemoraci\u00f3n digna y solemne de los festejos patrios, el Ayuntamiento de Morelia, a trav\u00e9s de la Secretaria de Turismo, invita a\u00a0 instituciones educativas y gubernamentales, asociaciones civiles, consejeros ciudadanos y medios de comunicaci\u00f3n, a enviar propuestas de actividades c\u00edvicas, culturales y deportivas para realizar durante el mes de septiembre.<\/p>\n<p>&nbsp;<\/p>\n<p>Con la intenci\u00f3n de enriquecer el programa a desarrollar en la capital michoacana, iniciaron las reuniones de la Junta C\u00edvica Conmemorativa \u201cJos\u00e9 Mar\u00eda Morelos y Pav\u00f3n 2015\u201d, la cual integrar\u00e1 las sugerencias que reciba, mediante el trabajo conjunto tres las comisiones que la conforman.<\/p>\n<p>&nbsp;<\/p>\n<p>Para brindar una amplia oferta de eventos, el gobierno municipal convoca a sumar esfuerzos para constituir una cartelera digna, que dar\u00e1 prioridad a al reconocimiento del ilustre moreliano Jos\u00e9 Mar\u00eda Morelos y Pav\u00f3n, a 200 a\u00f1os de su muerte.<\/p>\n<p>&nbsp;<\/p>\n<p>Por ello, la dependencia municipal solicita a las instancias convocadas, a que hagan llegar sus colaboraciones a m\u00e1s tardar el pr\u00f3ximo 21 de agosto, pues las actividades ser\u00e1n desveladas durante el Bando Solemne que encabezar\u00e1n autoridades municipales y estatales, el pr\u00f3ximo 28 de agosto a las 9:00 horas.<\/p>\n<p>&nbsp;<\/p>\n<p>El contingente partir\u00e1 el Palacio Municipal y fijar\u00e1 el programa en el transcurso de su recorrido, en los siguientes puntos: Antiguo Palacio de Justicia, Valladolid esquina con Vasco de Quiroga, palacios Federal, Legislativo y de Gobierno, en Portal Hidalgo y el Colegio de San Nicol\u00e1s.<\/p>\n<p>&nbsp;<\/p>\n<p>Asimismo, la Secretar\u00eda de Turismo contemplar\u00e1 los programas que impulsa en plazas y tenencias de Morelia, tales como los \u201cDomingos M\u00e1gicos\u201d en el Bosque Cuauht\u00e9moc; \u201cHaz del Centro Tu domingo\u201d, en el quiosco de la Plaza de Armas; el \u201cBaile \u00c9poca de Oro\u201d, en el Jard\u00edn Morelos; y \u201cS\u00e1bados M\u00e1gicos\u201d, en diversas comunidades.<\/p>\n<p>&nbsp;<\/p>\n<p>&nbsp;<\/p>\n<p>Para enviar las propuestas, se ponen a disposici\u00f3n las direcciones electr\u00f3nicas\u00a0<a href=\"mailto:comisioncivismoseptiembre@gmail.com\">comisioncivismoseptiembre@gmail.com<\/a>,<a href=\"mailto:informacionturismomorelia@gmail.com\">informacionturismomorelia@gmail.com<\/a>\u00a0y\u00a0<a href=\"mailto:miguel_gmeza@hotmail.com\">miguel_gmeza@hotmail.com<\/a><\/p>\n","protected":false},"excerpt":{"rendered":"<p>A fin de ofrecer a la poblaci\u00f3n una conmemoraci\u00f3n digna y solemne de los festejos patrios, el Ayuntamiento de Morelia, a trav\u00e9s de la Secretaria de Turismo, invita a  instituciones educativas y gubernamentales, asociaciones civiles, consejeros ciudadanos y medios de comunicaci\u00f3n,<\/p>\n","protected":false},"author":1,"featured_media":17240,"comment_status":"open","ping_status":"open","sticky":false,"template":"","format":"standard","meta":{"footnotes":""},"categories":[14,9],"tags":[],"class_list":["post-17239","post","type-post","status-publish","format-standard","has-post-thumbnail","hentry","category-destacadas","category-morelia"],"_links":{"self":[{"href":"https:\/\/radiowebmx.com\/nota\/wp-json\/wp\/v2\/posts\/17239","targetHints":{"allow":["GET"]}}],"collection":[{"href":"https:\/\/radiowebmx.com\/nota\/wp-json\/wp\/v2\/posts"}],"about":[{"href":"https:\/\/radiowebmx.com\/nota\/wp-json\/wp\/v2\/types\/post"}],"author":[{"embeddable":true,"href":"https:\/\/radiowebmx.com\/nota\/wp-json\/wp\/v2\/users\/1"}],"replies":[{"embeddable":true,"href":"https:\/\/radiowebmx.com\/nota\/wp-json\/wp\/v2\/comments?post=17239"}],"version-history":[{"count":2,"href":"https:\/\/radiowebmx.com\/nota\/wp-json\/wp\/v2\/posts\/17239\/revisions"}],"predecessor-version":[{"id":17242,"href":"https:\/\/radiowebmx.com\/nota\/wp-json\/wp\/v2\/posts\/17239\/revisions\/17242"}],"wp:featuredmedia":[{"embeddable":true,"href":"https:\/\/radiowebmx.com\/nota\/wp-json\/wp\/v2\/media\/17240"}],"wp:attachment":[{"href":"https:\/\/radiowebmx.com\/nota\/wp-json\/wp\/v2\/media?parent=17239"}],"wp:term":[{"taxonomy":"category","embeddable":true,"href":"https:\/\/radiowebmx.com\/nota\/wp-json\/wp\/v2\/categories?post=17239"},{"taxonomy":"post_tag","embeddable":true,"href":"https:\/\/radiowebmx.com\/nota\/wp-json\/wp\/v2\/tags?post=17239"}],"curies":[{"name":"wp","href":"https:\/\/api.w.org\/{rel}","templated":true}]}}