{"id":17235,"date":"2015-08-12T10:45:46","date_gmt":"2015-08-12T15:45:46","guid":{"rendered":"https:\/\/radiowebmx.com\/nota\/?p=17235"},"modified":"2015-08-12T10:45:46","modified_gmt":"2015-08-12T15:45:46","slug":"experiencia-de-morelia-por-la-paz-sera-difundida-en-36-paises","status":"publish","type":"post","link":"https:\/\/radiowebmx.com\/nota\/experiencia-de-morelia-por-la-paz-sera-difundida-en-36-paises\/","title":{"rendered":"Experiencia de Morelia por la  paz ser\u00e1 difundida en 36 pa\u00edses"},"content":{"rendered":"<p><b>\u00a0<\/b>La experiencia \u201cMorelia Promueve la Cultura de la Paz\u201d, que impulsa el Ayuntamiento que preside Salvador Abud Mirabent, fue elegida por el Comit\u00e9 Cient\u00edfico de la Asociaci\u00f3n Internacional de Ciudades Educadoras, para ser publicada en la revista que distribuye en 470 urbes de 36 pa\u00edses del mundo.<\/p>\n<p>&nbsp;<\/p>\n<p>Al ser difundida en portugu\u00e9s, ingl\u00e9s, franc\u00e9s y espa\u00f1ol, autoridades y ciudadanos de 12 pa\u00edses de Am\u00e9rica, entre ellos Argentina, Brasil, Venezuela, Puerto Rico, Uruguay y Colombia, y de los naciones africanas de Ben\u00edn, Cabo Verde, Marruecos, Togo y Senegal, conocer\u00e1n el trabajo que el gobierno de Abud Mirabent, en una Suma de Voluntades con la federaci\u00f3n, promueve mediante la Carta de la Tierra.<\/p>\n<p>&nbsp;<\/p>\n<p>Adem\u00e1s, el proyecto ser\u00e1 conocido en 383 ciudades educadoras de Europa, concentradas en Alemania, Croacia, Dinamarca, Francia, Grecia, Italia y Suecia.<\/p>\n<p>&nbsp;<\/p>\n<p>\u201cMorelia Promueve la Cultura de la Paz\u201d, se ha aplicado en el marco del Programa Nacional para la Prevenci\u00f3n de la Violencia y la Delincuencia (Pronapred), con la intenci\u00f3n de fomentar, entre las nuevas generaciones de morelianos, actitudes positivas y valores a trav\u00e9s de acciones que favorecen a sus familias, el entorno en el que viven y las comunidades a las cuales pertenecen.<\/p>\n<p>&nbsp;<\/p>\n<p>\u00c9sta es la primera experiencia de la capital michoacana contemplada para la revista, desde su reactivaci\u00f3n en el 2013, por lo que Abud Mirabent celebr\u00f3 la decisi\u00f3n del Consejo Cient\u00edfico de la Asociaci\u00f3n Internacional, ya que fue tomada bajo criterios propios y exigentes.<\/p>\n<p>&nbsp;<\/p>\n<p>En el mismo ejemplar, correspondiente a la edici\u00f3n n\u00famero 21, abordar\u00e1 tambi\u00e9n la elecci\u00f3n del alcalde Salvador Abud como coordinador de la Asamblea General de la Red Mexicana, para el periodo 2015-2017.<\/p>\n","protected":false},"excerpt":{"rendered":"<p> La experiencia \u201cMorelia Promueve la Cultura de la Paz\u201d, que impulsa el Ayuntamiento que preside Salvador Abud Mirabent, fue elegida por el Comit\u00e9 Cient\u00edfico de la Asociaci\u00f3n Internacional de Ciudades Educadoras, para ser publicada en la revista que distribuye en 470 urbes de 36 pa\u00edses del mundo.<\/p>\n","protected":false},"author":1,"featured_media":17236,"comment_status":"open","ping_status":"open","sticky":false,"template":"","format":"standard","meta":{"footnotes":""},"categories":[14,9],"tags":[],"class_list":["post-17235","post","type-post","status-publish","format-standard","has-post-thumbnail","hentry","category-destacadas","category-morelia"],"_links":{"self":[{"href":"https:\/\/radiowebmx.com\/nota\/wp-json\/wp\/v2\/posts\/17235","targetHints":{"allow":["GET"]}}],"collection":[{"href":"https:\/\/radiowebmx.com\/nota\/wp-json\/wp\/v2\/posts"}],"about":[{"href":"https:\/\/radiowebmx.com\/nota\/wp-json\/wp\/v2\/types\/post"}],"author":[{"embeddable":true,"href":"https:\/\/radiowebmx.com\/nota\/wp-json\/wp\/v2\/users\/1"}],"replies":[{"embeddable":true,"href":"https:\/\/radiowebmx.com\/nota\/wp-json\/wp\/v2\/comments?post=17235"}],"version-history":[{"count":2,"href":"https:\/\/radiowebmx.com\/nota\/wp-json\/wp\/v2\/posts\/17235\/revisions"}],"predecessor-version":[{"id":17238,"href":"https:\/\/radiowebmx.com\/nota\/wp-json\/wp\/v2\/posts\/17235\/revisions\/17238"}],"wp:featuredmedia":[{"embeddable":true,"href":"https:\/\/radiowebmx.com\/nota\/wp-json\/wp\/v2\/media\/17236"}],"wp:attachment":[{"href":"https:\/\/radiowebmx.com\/nota\/wp-json\/wp\/v2\/media?parent=17235"}],"wp:term":[{"taxonomy":"category","embeddable":true,"href":"https:\/\/radiowebmx.com\/nota\/wp-json\/wp\/v2\/categories?post=17235"},{"taxonomy":"post_tag","embeddable":true,"href":"https:\/\/radiowebmx.com\/nota\/wp-json\/wp\/v2\/tags?post=17235"}],"curies":[{"name":"wp","href":"https:\/\/api.w.org\/{rel}","templated":true}]}}