{"id":17229,"date":"2015-08-11T12:07:13","date_gmt":"2015-08-11T17:07:13","guid":{"rendered":"https:\/\/radiowebmx.com\/nota\/?p=17229"},"modified":"2015-08-11T12:07:13","modified_gmt":"2015-08-11T17:07:13","slug":"trabaja-alcaldia-en-evitar-violencia-contra-mujeres","status":"publish","type":"post","link":"https:\/\/radiowebmx.com\/nota\/trabaja-alcaldia-en-evitar-violencia-contra-mujeres\/","title":{"rendered":"Trabaja  alcald\u00eda en evitar violencia contra mujeres"},"content":{"rendered":"<p>La<b>\u00a0<\/b>aplicaci\u00f3n de pol\u00edticas p\u00fablicas y el fortalecimiento de la pr\u00e1ctica de los derechos humanos sobre perspectiva de g\u00e9nero,\u00a0son prioridad del Ayuntamiento de Morelia, pues uno\u00a0de los prop\u00f3sitos de la presente administraci\u00f3n ha sido corregir\u00a0las situaciones de convivencia social que provocan violencia hacia las f\u00e9minas.<\/p>\n<p>&nbsp;<\/p>\n<p>De acuerdo con la directora general del Instituto de la Mujer Moreliana (IMUMO), Mar\u00eda del Rosario Jim\u00e9nez Zavala, con recursos del Programa Nacional de Prevenci\u00f3n del Delito (Pronapred) es posible\u00a0brindar apoyo en especie a mujeres de \u00a0entre 18 y 25 a\u00f1os, con perfil de microempresarias, adem\u00e1s de presupuesto para proyectos de\u00a0ahorro familiar y capacitaci\u00f3n en materia de comercializaci\u00f3n; asimismo, destac\u00f3 lostalleres de empoderamiento para las habitantes de los pol\u00edgonos\u00a0que presentan mayor incidencia delictiva en la capital michoacana.<\/p>\n<p>&nbsp;<\/p>\n<p>Igualmente, se\u00a0brinda atenci\u00f3n legal en centros comunitarios; diplomados de masculinidad; asistencia a mujeres privadas de su libertad a trav\u00e9s de talleres y pago de fianzas); actividades art\u00edsticas y culturales como pintura al \u00f3leo, arte plumario, terapia corporal y quiropr\u00e1ctica, manejo de laminado y martillado con material reciclado, taich\u00ed, yoga, presentaci\u00f3n de obras de teatro y tertulias itinerantes para la promoci\u00f3n de la paz.<\/p>\n<p>&nbsp;<\/p>\n<p>Durante 2014, como parte de este programa, se benefici\u00f3 a un total de\u00a03 mil 017\u00a0 personas, de las cuales 2 mil 182 fueron mujeres y 835 hombres de las\u00a0comunidades Jes\u00fas del Monte, San Nicol\u00e1s de Obispo, Atapaneo, Capula, Tiripetio, Santiago Undameo y Morelos, mientras que en el 2013, como parte del Pronapred, se destinaron a trav\u00e9s de las gestiones del IMUMO, 823 mil 452 pesos.<\/p>\n<p>&nbsp;<\/p>\n<p>Con este presupuesto, el Instituto benefici\u00f3 a un total de mil 894 personas, es decir, a mil 547 mujeres y 347 hombres del municipio.<\/p>\n<p>&nbsp;<\/p>\n","protected":false},"excerpt":{"rendered":"<p>La aplicaci\u00f3n de pol\u00edticas p\u00fablicas y el fortalecimiento de la pr\u00e1ctica de los derechos humanos sobre perspectiva de g\u00e9nero, son prioridad del Ayuntamiento, pues uno de los prop\u00f3sitos de la presente administraci\u00f3n ha sido corregir las situaciones de convivencia social que provocan violencia hacia las f\u00e9minas.<\/p>\n","protected":false},"author":1,"featured_media":17230,"comment_status":"open","ping_status":"open","sticky":false,"template":"","format":"standard","meta":{"footnotes":""},"categories":[14,9],"tags":[],"class_list":["post-17229","post","type-post","status-publish","format-standard","has-post-thumbnail","hentry","category-destacadas","category-morelia"],"_links":{"self":[{"href":"https:\/\/radiowebmx.com\/nota\/wp-json\/wp\/v2\/posts\/17229","targetHints":{"allow":["GET"]}}],"collection":[{"href":"https:\/\/radiowebmx.com\/nota\/wp-json\/wp\/v2\/posts"}],"about":[{"href":"https:\/\/radiowebmx.com\/nota\/wp-json\/wp\/v2\/types\/post"}],"author":[{"embeddable":true,"href":"https:\/\/radiowebmx.com\/nota\/wp-json\/wp\/v2\/users\/1"}],"replies":[{"embeddable":true,"href":"https:\/\/radiowebmx.com\/nota\/wp-json\/wp\/v2\/comments?post=17229"}],"version-history":[{"count":1,"href":"https:\/\/radiowebmx.com\/nota\/wp-json\/wp\/v2\/posts\/17229\/revisions"}],"predecessor-version":[{"id":17231,"href":"https:\/\/radiowebmx.com\/nota\/wp-json\/wp\/v2\/posts\/17229\/revisions\/17231"}],"wp:featuredmedia":[{"embeddable":true,"href":"https:\/\/radiowebmx.com\/nota\/wp-json\/wp\/v2\/media\/17230"}],"wp:attachment":[{"href":"https:\/\/radiowebmx.com\/nota\/wp-json\/wp\/v2\/media?parent=17229"}],"wp:term":[{"taxonomy":"category","embeddable":true,"href":"https:\/\/radiowebmx.com\/nota\/wp-json\/wp\/v2\/categories?post=17229"},{"taxonomy":"post_tag","embeddable":true,"href":"https:\/\/radiowebmx.com\/nota\/wp-json\/wp\/v2\/tags?post=17229"}],"curies":[{"name":"wp","href":"https:\/\/api.w.org\/{rel}","templated":true}]}}