{"id":17226,"date":"2015-08-11T12:04:19","date_gmt":"2015-08-11T17:04:19","guid":{"rendered":"https:\/\/radiowebmx.com\/nota\/?p=17226"},"modified":"2015-08-11T12:04:19","modified_gmt":"2015-08-11T17:04:19","slug":"gobierno-estatal-coadyuvara-en-atencion-a-victimas-del-crimen-en-los-113-municipios-salvador-jara","status":"publish","type":"post","link":"https:\/\/radiowebmx.com\/nota\/gobierno-estatal-coadyuvara-en-atencion-a-victimas-del-crimen-en-los-113-municipios-salvador-jara\/","title":{"rendered":"GOBIERNO ESTATAL COADYUVAR\u00c1 EN ATENCI\u00d3N A V\u00cdCTIMAS DEL CRIMEN EN LOS 113 MUNICIPIOS: SALVADOR JARA"},"content":{"rendered":"<p>La atenci\u00f3n\u00a0 integral de los segmentos en situaci\u00f3n de vulnerabilidad es una de las prioridades de la presente gesti\u00f3n, por lo que se otorgar\u00e1 todo el respaldo a las diversas iniciativas orientadas a la protecci\u00f3n de dichos grupos en los 113 municipios, afirm\u00f3 el gobernador Salvador Jara Guerrero, durante la reuni\u00f3n que sostuvo con los integrantes de la Comisi\u00f3n Ejecutiva Estatal de Atenci\u00f3n a V\u00edctimas, que fue designada recientemente por los diputados de la LXXII Legislatura del Congreso local.<\/p>\n<p>El titular del Poder Ejecutivo en la entidad aval\u00f3 el trabajo que realizar\u00e1n los comisionados en beneficio de los ciudadanos y se comprometi\u00f3 a brindar las facilidades para la correcta operaci\u00f3n de este nuevo \u00f3rgano, a trav\u00e9s del cual dijo, se proporcionar\u00e1 ayuda en diversos \u00e1mbitos a quienes de alguna u otra manera se han visto afectados\u00a0 por\u00a0 la violencia y el crimen organizado.<\/p>\n<p>\u201cHemos entrado en la recta final de mi gobierno, pero tengan la seguridad de que nos esforzaremos hasta el \u00faltimo minuto del periodo para dejar cimentada la Comisi\u00f3n y lo suficientemente fuerte para que pueda cumplir con sus objetivos; sin duda, se trata de un tema importante a nivel mundial y seguramente podremos colaborar muy de cerca a trav\u00e9s del convenio celebrado con Francia para la atenci\u00f3n de los adolescentes, especialmente de los que han sido v\u00edctimas de la violencia\u201d, destac\u00f3.<\/p>\n<p>Jara Guerrero enfatiz\u00f3 que adem\u00e1s del apoyo econ\u00f3mico e indemnizaciones, los afectados deben recibir terapias psicol\u00f3gicas y psiqui\u00e1tricas proporcionadas por especialistas, as\u00ed como acompa\u00f1amiento del Sistema para el Desarrollo Integral de la Familia (DIF), Secretar\u00eda de Salud (SSM), Secretar\u00eda de Seguridad P\u00fablica (SSP), Procuradur\u00eda de Justicia (PGJE), entre otras instancias involucradas con el tema.<\/p>\n<p>Luego de escuchar las inquietudes de los tres comisionados y analizar la situaci\u00f3n general de Michoac\u00e1n en materia de da\u00f1os a familias, el mandatario estatal sugiri\u00f3 la inmediata estructuraci\u00f3n de protocolos de actuaci\u00f3n y procedimientos para casos espec\u00edficos, a fin de que las personas puedan ser canalizadas a las \u00e1reas correctas en los tiempos id\u00f3neos.<\/p>\n<p>\u201cEs muy importante analizar la manera en que se debe compensar a una v\u00edctima econ\u00f3micamente, pero el Estado tambi\u00e9n tiene la obligaci\u00f3n de atender los da\u00f1os psicol\u00f3gicos y buscar las formas para que estas personas puedan reintegrase a sus n\u00facleos y retomar su vida sanamente, sobre todo cuando se trata de j\u00f3venes que necesitan estudiar\u201d, puntualiz\u00f3 el gobernador.<\/p>\n<p>Por su parte, Selene Luc\u00eda V\u00e1zquez Alatorre, presidenta de la Comisi\u00f3n Ejecutiva Estatal de Atenci\u00f3n a V\u00edctimas, agradeci\u00f3 el apoyo recibido por parte de Salvador Jara y solicit\u00f3 la autorizaci\u00f3n del presupuesto estatal requerido para el funcionamiento del \u00f3rgano, que tiene como principal objetivo proporcionar ayuda integral psicol\u00f3gica, legal, m\u00e9dica y econ\u00f3mica.<\/p>\n<p>Acompa\u00f1ada por los comisionados Abraham Montes Maga\u00f1a y Salvador Ceja Barrera, la ex diputada estableci\u00f3 el compromiso de crear una base de datos para clarificar el panorama actual de familias afectadas por el crimen y asegur\u00f3 que se incluir\u00e1n protocolos para atender a los michoacanos en condici\u00f3n de v\u00edctimas.<\/p>\n<p>&nbsp;<\/p>\n","protected":false},"excerpt":{"rendered":"<p>La atenci\u00f3n  integral de los segmentos en situaci\u00f3n de vulnerabilidad es una de las prioridades de la presente gesti\u00f3n, por lo que se otorgar\u00e1 todo el respaldo a las diversas iniciativas orientadas a la protecci\u00f3n de dichos grupos en los 113 municipios, afirm\u00f3 el gobernador Salvador Jara Guerrero,<\/p>\n","protected":false},"author":1,"featured_media":17227,"comment_status":"open","ping_status":"open","sticky":false,"template":"","format":"standard","meta":{"footnotes":""},"categories":[14,3],"tags":[],"class_list":["post-17226","post","type-post","status-publish","format-standard","has-post-thumbnail","hentry","category-destacadas","category-gobierno-del-estado-de-michoacan"],"_links":{"self":[{"href":"https:\/\/radiowebmx.com\/nota\/wp-json\/wp\/v2\/posts\/17226","targetHints":{"allow":["GET"]}}],"collection":[{"href":"https:\/\/radiowebmx.com\/nota\/wp-json\/wp\/v2\/posts"}],"about":[{"href":"https:\/\/radiowebmx.com\/nota\/wp-json\/wp\/v2\/types\/post"}],"author":[{"embeddable":true,"href":"https:\/\/radiowebmx.com\/nota\/wp-json\/wp\/v2\/users\/1"}],"replies":[{"embeddable":true,"href":"https:\/\/radiowebmx.com\/nota\/wp-json\/wp\/v2\/comments?post=17226"}],"version-history":[{"count":1,"href":"https:\/\/radiowebmx.com\/nota\/wp-json\/wp\/v2\/posts\/17226\/revisions"}],"predecessor-version":[{"id":17228,"href":"https:\/\/radiowebmx.com\/nota\/wp-json\/wp\/v2\/posts\/17226\/revisions\/17228"}],"wp:featuredmedia":[{"embeddable":true,"href":"https:\/\/radiowebmx.com\/nota\/wp-json\/wp\/v2\/media\/17227"}],"wp:attachment":[{"href":"https:\/\/radiowebmx.com\/nota\/wp-json\/wp\/v2\/media?parent=17226"}],"wp:term":[{"taxonomy":"category","embeddable":true,"href":"https:\/\/radiowebmx.com\/nota\/wp-json\/wp\/v2\/categories?post=17226"},{"taxonomy":"post_tag","embeddable":true,"href":"https:\/\/radiowebmx.com\/nota\/wp-json\/wp\/v2\/tags?post=17226"}],"curies":[{"name":"wp","href":"https:\/\/api.w.org\/{rel}","templated":true}]}}